{"id":10011,"date":"2023-12-26T14:59:07","date_gmt":"2023-12-26T13:59:07","guid":{"rendered":"http:\/\/unfe.fr\/?p=10011"},"modified":"2023-12-26T14:59:09","modified_gmt":"2023-12-26T13:59:09","slug":"le-dirigeant-fe-de-2023-sebastien-dumetz","status":"publish","type":"post","link":"http:\/\/unfe.fr\/?p=10011","title":{"rendered":"Le dirigeant FE de 2023\u00a0: S\u00e9bastien DUMETZ"},"content":{"rendered":"\n<h2 class=\"wp-block-heading\">Passion, t\u00e9nacit\u00e9, fid\u00e9lit\u00e9&nbsp;: son triptyque gagnant<\/h2>\n\n\n\n<p>Depuis cinq ann\u00e9es, le COVID ayant &#8221;dirig\u00e9&#8221; l\u2019ann\u00e9e 2020, l\u2019UNFE a choisi de mettre en visibilit\u00e9 un dirigeant m\u00e9ritant qui \u0153uvre pour le bien du Football Entreprise. Apr\u00e8s Antoine LECHEVALIER, Momo KIRRI et Mohand Arezki KESSACI qui avaient \u00e9t\u00e9 d\u00e9sign\u00e9s, c\u2019est S\u00e9bastien DUMETZ qui a \u00e9t\u00e9 \u00e9lu \u2018\u2019Dirigeant FE \u2018\u2019de l\u2019ann\u00e9e 2023 par un jury de connaisseurs.&nbsp;<\/p>\n\n\n\n<figure class=\"wp-block-gallery has-nested-images columns-default is-cropped wp-block-gallery-1 is-layout-flex wp-block-gallery-is-layout-flex\">\n<figure class=\"wp-block-image size-large\"><img decoding=\"async\" loading=\"lazy\" width=\"555\" height=\"377\" data-id=\"10015\" src=\"https:\/\/i0.wp.com\/unfe.fr\/wp-content\/uploads\/2023\/12\/DUMETZ-CGA.jpg?resize=555%2C377\" alt=\"\" class=\"wp-image-10015\" srcset=\"https:\/\/i0.wp.com\/unfe.fr\/wp-content\/uploads\/2023\/12\/DUMETZ-CGA.jpg?w=555 555w, https:\/\/i0.wp.com\/unfe.fr\/wp-content\/uploads\/2023\/12\/DUMETZ-CGA.jpg?resize=300%2C204 300w\" sizes=\"(max-width: 555px) 100vw, 555px\" data-recalc-dims=\"1\" \/><\/figure>\n\n\n\n<figure class=\"wp-block-image size-large\"><img decoding=\"async\" loading=\"lazy\" width=\"611\" height=\"378\" data-id=\"10016\" src=\"https:\/\/i0.wp.com\/unfe.fr\/wp-content\/uploads\/2023\/12\/dumetz-medaulles-dirigeanst.jpg?resize=611%2C378\" alt=\"\" class=\"wp-image-10016\" srcset=\"https:\/\/i0.wp.com\/unfe.fr\/wp-content\/uploads\/2023\/12\/dumetz-medaulles-dirigeanst.jpg?w=611 611w, https:\/\/i0.wp.com\/unfe.fr\/wp-content\/uploads\/2023\/12\/dumetz-medaulles-dirigeanst.jpg?resize=300%2C186 300w\" sizes=\"(max-width: 611px) 100vw, 611px\" data-recalc-dims=\"1\" \/><\/figure>\n<\/figure>\n\n\n\n<p><br>Le jury n\u2019a eu aucune difficult\u00e9 \u00e0 le choisir, ses qualit\u00e9s et son engagement pour notre famille n\u2019\u00e9tant pas discutables. S\u00e9bastien a eu 53 ans au mois de Juin 2023. Son papa \u00e9tait \u00e9galement footballeur&nbsp;et son fiston l\u2019est tout autant au sein du RC Port du Havre, un des clubs historiques du Football Entreprise et du Havre, une ville qui l\u2019a vu na\u00eetre.<\/p>\n\n\n\n<div class=\"wp-block-media-text is-stacked-on-mobile\"><figure class=\"wp-block-media-text__media\"><img decoding=\"async\" loading=\"lazy\" width=\"374\" height=\"255\" src=\"https:\/\/i0.wp.com\/unfe.fr\/wp-content\/uploads\/2023\/12\/dumetz-gamlbardella-.jpg?resize=374%2C255\" alt=\"\" class=\"wp-image-10017 size-full\" srcset=\"https:\/\/i0.wp.com\/unfe.fr\/wp-content\/uploads\/2023\/12\/dumetz-gamlbardella-.jpg?w=374 374w, https:\/\/i0.wp.com\/unfe.fr\/wp-content\/uploads\/2023\/12\/dumetz-gamlbardella-.jpg?resize=300%2C205 300w\" sizes=\"(max-width: 374px) 100vw, 374px\" data-recalc-dims=\"1\" \/><\/figure><div class=\"wp-block-media-text__content\">\n<p>Il d\u00e9bute sa carri\u00e8re au club havrais de l\u2019US Saint Thomas, club reconnu pour ses belles valeurs et dans lequel on ne peut que\u2026 croire. Il prend ensuite la direction des Cadets nationaux du HAC puis des juniors avant de trouver sa place en D3. C&#8217;est sur la pelouse du Stade Geoffroy Guichard \u00e0 Saint-Etienne que S\u00e9bastien, aux c\u00f4t\u00e9s de Christophe REVAULT, d\u00e9croche &#8220;sa&#8221; Coupe Gambardella en 1989 aux d\u00e9pens du PSG de Pascal NOUMA et Francis LLACER, \u00e0 l&#8217;issue d&#8217;une s\u00e9ance de tirs au but que le HAC remporte (4-2) apr\u00e8s un score de parit\u00e9 (0-0).<\/p>\n<\/div><\/div>\n\n\n\n<div class=\"wp-block-media-text has-media-on-the-right is-stacked-on-mobile\" style=\"grid-template-columns:auto 26%\"><div class=\"wp-block-media-text__content\">\n<p><strong>\u2018<em>\u2019D\u2019apparence tranquille sur le terrain, il pouvait mettre le pied&nbsp;!\u2019\u2019<\/em><\/strong><em><br><\/em>Par respect et pour la tranquillit\u00e9 du \u2018\u2019cafardeur\u2019\u2019, nous ne divulguerons pas l\u2019identit\u00e9&nbsp;de son fourbe d\u00e9lateur !<br>Flanqu\u00e9 de son num\u00e9ro 6 dans le dos, S\u00e9bastien met les voiles et traverse ensuite l\u2019estuaire de la Seine pour accoster au RC Port du Havre, club avec lequel il remportera une petite dizaine de titres r\u00e9gionaux.<\/p>\n\n\n\n<p>Sa particularit\u00e9&nbsp;: il n\u2019a gagn\u00e9 aucun titre national en Foot Entreprise en tant que joueur mais seulement en tant que dirigeant. S\u00e9lectionn\u00e9 \u00e0 trois reprises en \u00e9quipe Nationale corpo, il regrette encore la disparition de cette S\u00e9lection o\u00f9 les relations humaines et la convivialit\u00e9 \u00e9taient de mise.<\/p>\n<\/div><figure class=\"wp-block-media-text__media\"><img decoding=\"async\" loading=\"lazy\" width=\"162\" height=\"304\" src=\"https:\/\/i0.wp.com\/unfe.fr\/wp-content\/uploads\/2023\/12\/dumetz-joueur-n-b.jpg?resize=162%2C304\" alt=\"\" class=\"wp-image-10018 size-full\" srcset=\"https:\/\/i0.wp.com\/unfe.fr\/wp-content\/uploads\/2023\/12\/dumetz-joueur-n-b.jpg?w=162 162w, https:\/\/i0.wp.com\/unfe.fr\/wp-content\/uploads\/2023\/12\/dumetz-joueur-n-b.jpg?resize=160%2C300 160w\" sizes=\"(max-width: 162px) 100vw, 162px\" data-recalc-dims=\"1\" \/><\/figure><\/div>\n\n\n\n<p>En tant que joueur, S\u00e9bastien (qui \u00e9tait suspendu lors de la finale du Championnat national en 1993) a donc perdu les cinq finales nationales qu\u2019il a disput\u00e9es. Le club en a gagn\u00e9 autant ensuite (Championnat national en 2007, 2011 et 2012, Coupe nationale en 2011 et 2012), en battant notamment l\u2019\u00e9quipe montpelli\u00e9raine de Nicollin, \u00e0 la Cav\u00e9e verte.&nbsp; Devenu Pr\u00e9sident du club, apr\u00e8s Michel CATELAIN et Michel HAMEL, il y a une petite dizaine d\u2019ann\u00e9es, il continue son \u0153uvre pour animer et d\u00e9fendre son club, le HAC et le Football Entreprise \u2018\u2019<strong><em>qu\u2019il a dans le sang\u2019<\/em><\/strong>\u2019. Dixit un de ses louangeurs<\/p>\n\n\n\n<div class=\"wp-block-media-text is-stacked-on-mobile\"><figure class=\"wp-block-media-text__media\"><img decoding=\"async\" loading=\"lazy\" width=\"786\" height=\"534\" src=\"https:\/\/i0.wp.com\/unfe.fr\/wp-content\/uploads\/2023\/12\/dumetz-port-n3.jpg?resize=786%2C534\" alt=\"\" class=\"wp-image-10012 size-full\" srcset=\"https:\/\/i0.wp.com\/unfe.fr\/wp-content\/uploads\/2023\/12\/dumetz-port-n3.jpg?w=786 786w, https:\/\/i0.wp.com\/unfe.fr\/wp-content\/uploads\/2023\/12\/dumetz-port-n3.jpg?resize=300%2C204 300w, https:\/\/i0.wp.com\/unfe.fr\/wp-content\/uploads\/2023\/12\/dumetz-port-n3.jpg?resize=768%2C522 768w\" sizes=\"(max-width: 786px) 100vw, 786px\" data-recalc-dims=\"1\" \/><\/figure><div class=\"wp-block-media-text__content\">\n<p class=\"has-text-align-left\">En tant que chef de manutention \u00e0 la G\u00e9n\u00e9rale de manutention portuaire (GMP), il conna\u00eet parfaitement les recoins et rouages du Port du Havre qu\u2019il fait visiter r\u00e9guli\u00e8rement de fa\u00e7on p\u00e9dagogique mais surtout avec beaucoup d\u2019enthousiasme. Les jeunes du Centre de formation du HAC se d\u00e9placent couramment au milieu des cavaliers ou autres m\u00e9ga-portiques \u00e0 conteneurs. S\u00e9bastien leur fait passer quelques messages \u00e0 m\u00e9diter sur le m\u00e9tier de Docker, ses difficult\u00e9s, ses risques, son \u00e9tat d\u2019esprit et son ind\u00e9pendance.<\/p>\n<\/div><\/div>\n\n\n\n<p>En 1971, le RCPH est n\u00e9 et son \u00e9quipe corpo rassemblait au minimum 1000 spectateurs pour des matchs r\u00e9gionaux, plus pour les derbies. Avec 5400 spectateurs payants, le stade de la Cav\u00e9e verte d\u00e9tient le record d\u2019affluence du foot corpo fran\u00e7ais. C\u2019\u00e9tait lors d\u2019un quart de finale de Championnat national, entre les dockers et les gaziers du Havre, en 1975.<\/p>\n\n\n\n<p><\/p>\n\n\n\n<div class=\"wp-block-media-text has-media-on-the-right is-stacked-on-mobile\" style=\"grid-template-columns:auto 44%\"><div class=\"wp-block-media-text__content\">\n<p>Outre ses qualit\u00e9s de footeux, S\u00e9bastien poss\u00e8de de surcro\u00eet de grandes capacit\u00e9s d\u2019organisateur. Exemples&nbsp;: l\u2019anniversaire m\u00e9morable du HAC en 2012 <strong><em>(cf photos ci-dessous<\/em><\/strong>) dont il avait la charge avec David CLAPSON, avec la pr\u00e9sence des anciens du REAL de Madrid (Zizou, Sanchis, Butragueno, Karembeu\u2026). On lui doit en grande partie, avec le soutien de son Maire, du HAC, de la FFF et de l\u2019UNFE, la parfaite organisation du Centenaire du Football Entreprise au mois de Juin dernier au Havre. N\u2019oublions pas non plus son engagement et attachement \u00e0 l\u2019association ETOILE FILANTE <strong>(cf photo)<\/strong> qui avait \u00e9t\u00e9 mise \u00e0 l\u2019honneur \u00e0 cette occasion.<\/p>\n<\/div><figure class=\"wp-block-media-text__media\"><img decoding=\"async\" loading=\"lazy\" width=\"469\" height=\"348\" src=\"https:\/\/i0.wp.com\/unfe.fr\/wp-content\/uploads\/2023\/12\/etoile-filante.jpg?resize=469%2C348\" alt=\"\" class=\"wp-image-10020 size-full\" srcset=\"https:\/\/i0.wp.com\/unfe.fr\/wp-content\/uploads\/2023\/12\/etoile-filante.jpg?w=469 469w, https:\/\/i0.wp.com\/unfe.fr\/wp-content\/uploads\/2023\/12\/etoile-filante.jpg?resize=300%2C223 300w\" sizes=\"(max-width: 469px) 100vw, 469px\" data-recalc-dims=\"1\" \/><\/figure><\/div>\n\n\n\n<figure class=\"wp-block-gallery has-nested-images columns-default is-cropped wp-block-gallery-3 is-layout-flex wp-block-gallery-is-layout-flex\">\n<figure class=\"wp-block-image size-large\"><img decoding=\"async\" loading=\"lazy\" width=\"333\" height=\"447\" data-id=\"10021\" src=\"https:\/\/i0.wp.com\/unfe.fr\/wp-content\/uploads\/2023\/12\/dumetz-realmadrid.jpg?resize=333%2C447\" alt=\"\" class=\"wp-image-10021\" srcset=\"https:\/\/i0.wp.com\/unfe.fr\/wp-content\/uploads\/2023\/12\/dumetz-realmadrid.jpg?w=333 333w, https:\/\/i0.wp.com\/unfe.fr\/wp-content\/uploads\/2023\/12\/dumetz-realmadrid.jpg?resize=223%2C300 223w\" sizes=\"(max-width: 333px) 100vw, 333px\" data-recalc-dims=\"1\" \/><\/figure>\n\n\n\n<figure class=\"wp-block-image size-large\"><img decoding=\"async\" loading=\"lazy\" width=\"379\" height=\"267\" data-id=\"10023\" src=\"https:\/\/i0.wp.com\/unfe.fr\/wp-content\/uploads\/2023\/12\/dumetz-rudison-1.jpg?resize=379%2C267\" alt=\"\" class=\"wp-image-10023\" srcset=\"https:\/\/i0.wp.com\/unfe.fr\/wp-content\/uploads\/2023\/12\/dumetz-rudison-1.jpg?w=379 379w, https:\/\/i0.wp.com\/unfe.fr\/wp-content\/uploads\/2023\/12\/dumetz-rudison-1.jpg?resize=300%2C211 300w\" sizes=\"(max-width: 379px) 100vw, 379px\" data-recalc-dims=\"1\" \/><\/figure>\n\n\n\n<figure class=\"wp-block-image size-large\"><img decoding=\"async\" loading=\"lazy\" width=\"331\" height=\"445\" data-id=\"10022\" src=\"https:\/\/i0.wp.com\/unfe.fr\/wp-content\/uploads\/2023\/12\/dumetz-touche.jpg?resize=331%2C445\" alt=\"\" class=\"wp-image-10022\" srcset=\"https:\/\/i0.wp.com\/unfe.fr\/wp-content\/uploads\/2023\/12\/dumetz-touche.jpg?w=331 331w, https:\/\/i0.wp.com\/unfe.fr\/wp-content\/uploads\/2023\/12\/dumetz-touche.jpg?resize=223%2C300 223w\" sizes=\"(max-width: 331px) 100vw, 331px\" data-recalc-dims=\"1\" \/><\/figure>\n<\/figure>\n\n\n\n<p class=\"has-vivid-cyan-blue-color has-text-color\"><br>Revenons \u00e0 l\u2019homme et laissons la parole \u00e0 Robert FERRY, personnage historique du club du RC Port du Havre et \u00e9videmment ancien docker&nbsp;:<br><em><strong>\u2018\u2019Sur le plan humain S\u00e9bastien est un Homme&nbsp;avec \u00e9norm\u00e9ment de qualit\u00e9s, un mental \u00e0 toute \u00e9preuve&nbsp;: il positive tout en permanence. Il est toujours \u00e0 l&#8217;\u00e9coute des autres et le cas \u00e9ch\u00e9ant pour les aider au maximum. Il ne l\u00e2che jamais rien&nbsp;!<br>C\u2019est un Homme qui avait la gentillesse dans son berceau, c&#8217;est peu dire.<br>C\u2019est un Grand serviteur du Football Entreprise.<br>Quelques brides de son palmar\u00e8s footballistique avec le RCPH&nbsp;:<br>Milieu d\u00e9fensif, il va vite s&#8217;affirmer \u00e0 cette place et il va accumuler les titres : Champion de Normandie corpo de 1991 \u00e0 1998, 4 coupes de Normandie 1996, 1998, 2000 et 2001. A trois reprises il est s\u00e9lectionn\u00e9 avec l&#8217;\u00e9quipe de France corpo. Organisateur avec les dirigeants du club de la finale de la Coupe Nationale le 24 juin 2023 au Havre pour l\u2019\u00e9dition du Centenaire du FE.<br>Merci \u00e0 l&#8217;UNFE de mettre le Pr\u00e9sident du RCPH \u00e0 l&#8217;honneur\u2019\u2019.<\/strong><\/em><\/p>\n\n\n\n<figure class=\"wp-block-gallery has-nested-images columns-default is-cropped wp-block-gallery-5 is-layout-flex wp-block-gallery-is-layout-flex\">\n<figure class=\"wp-block-image size-large\"><img decoding=\"async\" loading=\"lazy\" width=\"604\" height=\"598\" data-id=\"10027\" src=\"https:\/\/i0.wp.com\/unfe.fr\/wp-content\/uploads\/2023\/12\/dumetz-thieulenn-robert-1.jpg?resize=604%2C598\" alt=\"\" class=\"wp-image-10027\" srcset=\"https:\/\/i0.wp.com\/unfe.fr\/wp-content\/uploads\/2023\/12\/dumetz-thieulenn-robert-1.jpg?w=604 604w, https:\/\/i0.wp.com\/unfe.fr\/wp-content\/uploads\/2023\/12\/dumetz-thieulenn-robert-1.jpg?resize=300%2C297 300w\" sizes=\"(max-width: 604px) 100vw, 604px\" data-recalc-dims=\"1\" \/><\/figure>\n\n\n\n<figure class=\"wp-block-image size-large\"><img decoding=\"async\" loading=\"lazy\" width=\"1024\" height=\"768\" data-id=\"10028\" src=\"https:\/\/i0.wp.com\/unfe.fr\/wp-content\/uploads\/2023\/12\/IMG_20230625_172243-1.jpg?resize=1024%2C768\" alt=\"\" class=\"wp-image-10028\" srcset=\"https:\/\/i0.wp.com\/unfe.fr\/wp-content\/uploads\/2023\/12\/IMG_20230625_172243-1-scaled.jpg?resize=1024%2C768 1024w, https:\/\/i0.wp.com\/unfe.fr\/wp-content\/uploads\/2023\/12\/IMG_20230625_172243-1-scaled.jpg?resize=300%2C225 300w, https:\/\/i0.wp.com\/unfe.fr\/wp-content\/uploads\/2023\/12\/IMG_20230625_172243-1-scaled.jpg?resize=768%2C576 768w, https:\/\/i0.wp.com\/unfe.fr\/wp-content\/uploads\/2023\/12\/IMG_20230625_172243-1-scaled.jpg?resize=1536%2C1152 1536w, https:\/\/i0.wp.com\/unfe.fr\/wp-content\/uploads\/2023\/12\/IMG_20230625_172243-1-scaled.jpg?resize=2048%2C1536 2048w, https:\/\/i0.wp.com\/unfe.fr\/wp-content\/uploads\/2023\/12\/IMG_20230625_172243-1-scaled.jpg?w=2400 2400w\" sizes=\"(max-width: 1024px) 100vw, 1024px\" data-recalc-dims=\"1\" \/><\/figure>\n<\/figure>\n\n\n\n<p><br><strong>Pour conclure, ses qualit\u00e9s d\u2019organisation, son dynamisme, son optimisme, sa g\u00e9n\u00e9rosit\u00e9, sa positivit\u00e9, sa t\u00e9nacit\u00e9, sa fid\u00e9lit\u00e9 et surtout son c\u0153ur en or, font incontestablement de S\u00e9bastien le dirigeant de l\u2019ann\u00e9e 2023&nbsp;\u00e0 l\u2019appui d\u2019une cargaison de qualit\u00e9s&nbsp;!<\/strong><\/p>\n\n\n\n<p class=\"has-vivid-cyan-blue-color has-text-color has-medium-font-size\"><strong>Quoi de plus normal pour un docker !<\/strong><\/p>\n\n\n\n<figure class=\"wp-block-gallery has-nested-images columns-default is-cropped wp-block-gallery-7 is-layout-flex wp-block-gallery-is-layout-flex\">\n<figure class=\"wp-block-image size-large\"><img decoding=\"async\" loading=\"lazy\" width=\"870\" height=\"560\" data-id=\"10029\" src=\"https:\/\/i0.wp.com\/unfe.fr\/wp-content\/uploads\/2023\/12\/dumetz-docks-so-foot.jpg?resize=870%2C560\" alt=\"\" class=\"wp-image-10029\" srcset=\"https:\/\/i0.wp.com\/unfe.fr\/wp-content\/uploads\/2023\/12\/dumetz-docks-so-foot.jpg?w=870 870w, https:\/\/i0.wp.com\/unfe.fr\/wp-content\/uploads\/2023\/12\/dumetz-docks-so-foot.jpg?resize=300%2C193 300w, https:\/\/i0.wp.com\/unfe.fr\/wp-content\/uploads\/2023\/12\/dumetz-docks-so-foot.jpg?resize=768%2C494 768w\" sizes=\"(max-width: 870px) 100vw, 870px\" data-recalc-dims=\"1\" \/><\/figure>\n\n\n\n<figure class=\"wp-block-image size-large\"><img decoding=\"async\" loading=\"lazy\" width=\"918\" height=\"519\" data-id=\"10030\" src=\"https:\/\/i0.wp.com\/unfe.fr\/wp-content\/uploads\/2023\/12\/dumetz-entete.jpg?resize=918%2C519\" alt=\"\" class=\"wp-image-10030\" srcset=\"https:\/\/i0.wp.com\/unfe.fr\/wp-content\/uploads\/2023\/12\/dumetz-entete.jpg?w=918 918w, https:\/\/i0.wp.com\/unfe.fr\/wp-content\/uploads\/2023\/12\/dumetz-entete.jpg?resize=300%2C170 300w, https:\/\/i0.wp.com\/unfe.fr\/wp-content\/uploads\/2023\/12\/dumetz-entete.jpg?resize=768%2C434 768w\" sizes=\"(max-width: 918px) 100vw, 918px\" data-recalc-dims=\"1\" \/><\/figure>\n<\/figure>\n\n\n\n<hr class=\"wp-block-separator has-alpha-channel-opacity\"\/>\n\n\n\n<figure class=\"wp-block-gallery has-nested-images columns-default is-cropped wp-block-gallery-9 is-layout-flex wp-block-gallery-is-layout-flex\">\n<figure class=\"wp-block-image size-large\"><img decoding=\"async\" loading=\"lazy\" width=\"125\" height=\"264\" data-id=\"10031\" src=\"https:\/\/i0.wp.com\/unfe.fr\/wp-content\/uploads\/2023\/12\/coupenat-portee.jpg?resize=125%2C264\" alt=\"\" class=\"wp-image-10031\" data-recalc-dims=\"1\"\/><\/figure>\n\n\n\n<figure class=\"wp-block-image size-large\"><img decoding=\"async\" loading=\"lazy\" width=\"768\" height=\"1024\" data-id=\"10032\" src=\"https:\/\/i0.wp.com\/unfe.fr\/wp-content\/uploads\/2023\/12\/IMG_20230623_145331.jpg?resize=768%2C1024\" alt=\"\" class=\"wp-image-10032\" srcset=\"https:\/\/i0.wp.com\/unfe.fr\/wp-content\/uploads\/2023\/12\/IMG_20230623_145331-scaled.jpg?resize=768%2C1024 768w, https:\/\/i0.wp.com\/unfe.fr\/wp-content\/uploads\/2023\/12\/IMG_20230623_145331-scaled.jpg?resize=225%2C300 225w, https:\/\/i0.wp.com\/unfe.fr\/wp-content\/uploads\/2023\/12\/IMG_20230623_145331-scaled.jpg?resize=1152%2C1536 1152w, https:\/\/i0.wp.com\/unfe.fr\/wp-content\/uploads\/2023\/12\/IMG_20230623_145331-scaled.jpg?resize=1536%2C2048 1536w, https:\/\/i0.wp.com\/unfe.fr\/wp-content\/uploads\/2023\/12\/IMG_20230623_145331-scaled.jpg?w=1920 1920w\" sizes=\"(max-width: 768px) 100vw, 768px\" data-recalc-dims=\"1\" \/><\/figure>\n\n\n\n<figure class=\"wp-block-image size-large\"><img decoding=\"async\" loading=\"lazy\" width=\"768\" height=\"1024\" data-id=\"10033\" src=\"https:\/\/i0.wp.com\/unfe.fr\/wp-content\/uploads\/2023\/12\/IMG_20230624_191146.jpg?resize=768%2C1024\" alt=\"\" class=\"wp-image-10033\" srcset=\"https:\/\/i0.wp.com\/unfe.fr\/wp-content\/uploads\/2023\/12\/IMG_20230624_191146-scaled.jpg?resize=768%2C1024 768w, https:\/\/i0.wp.com\/unfe.fr\/wp-content\/uploads\/2023\/12\/IMG_20230624_191146-scaled.jpg?resize=225%2C300 225w, https:\/\/i0.wp.com\/unfe.fr\/wp-content\/uploads\/2023\/12\/IMG_20230624_191146-scaled.jpg?resize=1152%2C1536 1152w, https:\/\/i0.wp.com\/unfe.fr\/wp-content\/uploads\/2023\/12\/IMG_20230624_191146-scaled.jpg?resize=1536%2C2048 1536w, https:\/\/i0.wp.com\/unfe.fr\/wp-content\/uploads\/2023\/12\/IMG_20230624_191146-scaled.jpg?w=1920 1920w\" sizes=\"(max-width: 768px) 100vw, 768px\" data-recalc-dims=\"1\" \/><\/figure>\n<\/figure>\n\n\n","protected":false},"excerpt":{"rendered":"<p>Passion, t\u00e9nacit\u00e9, fid\u00e9lit\u00e9&nbsp;: son triptyque gagnant Depuis cinq ann\u00e9es, le COVID ayant &#8221;dirig\u00e9&#8221; l\u2019ann\u00e9e 2020, l\u2019UNFE a choisi de mettre en visibilit\u00e9 un dirigeant m\u00e9ritant qui \u0153uvre pour le bien du Football Entreprise. Apr\u00e8s Antoine LECHEVALIER, Momo KIRRI et Mohand Arezki KESSACI qui avaient \u00e9t\u00e9 d\u00e9sign\u00e9s, c\u2019est S\u00e9bastien DUMETZ qui a \u00e9t\u00e9 \u00e9lu \u2018\u2019Dirigeant FE [&hellip;]<\/p>\n","protected":false},"author":3,"featured_media":10014,"comment_status":"open","ping_status":"closed","sticky":false,"template":"","format":"standard","meta":{"_monsterinsights_skip_tracking":false,"_monsterinsights_sitenote_active":false,"_monsterinsights_sitenote_note":"","_monsterinsights_sitenote_category":0,"footnotes":""},"categories":[12,11],"tags":[],"jetpack_sharing_enabled":true,"jetpack_featured_media_url":"https:\/\/i0.wp.com\/unfe.fr\/wp-content\/uploads\/2023\/12\/dumetz-rudison.jpg?fit=379%2C267","_links":{"self":[{"href":"http:\/\/unfe.fr\/index.php?rest_route=\/wp\/v2\/posts\/10011"}],"collection":[{"href":"http:\/\/unfe.fr\/index.php?rest_route=\/wp\/v2\/posts"}],"about":[{"href":"http:\/\/unfe.fr\/index.php?rest_route=\/wp\/v2\/types\/post"}],"author":[{"embeddable":true,"href":"http:\/\/unfe.fr\/index.php?rest_route=\/wp\/v2\/users\/3"}],"replies":[{"embeddable":true,"href":"http:\/\/unfe.fr\/index.php?rest_route=%2Fwp%2Fv2%2Fcomments&post=10011"}],"version-history":[{"count":8,"href":"http:\/\/unfe.fr\/index.php?rest_route=\/wp\/v2\/posts\/10011\/revisions"}],"predecessor-version":[{"id":10038,"href":"http:\/\/unfe.fr\/index.php?rest_route=\/wp\/v2\/posts\/10011\/revisions\/10038"}],"wp:featuredmedia":[{"embeddable":true,"href":"http:\/\/unfe.fr\/index.php?rest_route=\/wp\/v2\/media\/10014"}],"wp:attachment":[{"href":"http:\/\/unfe.fr\/index.php?rest_route=%2Fwp%2Fv2%2Fmedia&parent=10011"}],"wp:term":[{"taxonomy":"category","embeddable":true,"href":"http:\/\/unfe.fr\/index.php?rest_route=%2Fwp%2Fv2%2Fcategories&post=10011"},{"taxonomy":"post_tag","embeddable":true,"href":"http:\/\/unfe.fr\/index.php?rest_route=%2Fwp%2Fv2%2Ftags&post=10011"}],"curies":[{"name":"wp","href":"https:\/\/api.w.org\/{rel}","templated":true}]}}