{"id":6395,"date":"2020-12-04T09:53:42","date_gmt":"2020-12-04T08:53:42","guid":{"rendered":"http:\/\/unfe.fr\/?p=6395"},"modified":"2020-12-04T09:59:01","modified_gmt":"2020-12-04T08:59:01","slug":"philibert-mostenne-soignant-et-footeux","status":"publish","type":"post","link":"http:\/\/unfe.fr\/?p=6395","title":{"rendered":"Philibert MOSTENNE : soignant et footeux"},"content":{"rendered":"\n<h2 class=\"wp-block-heading\">&#8221;Avec certains patients, on parle des matchs pass\u00e9s ou \u00e0 venir, \u00ab on refait le match&#8221;<\/h2>\n\n\n\n<p style=\"color:#1962d1\" class=\"has-text-color\"><strong>Philibert MOSTENNE est d\u00e9fenseur de l&#8217;\u00e9quipe de Football des <a href=\"https:\/\/www.facebook.com\/Hospitaliers-Valenciennes-Amicale-Football-Club-2285779181529166\/photos\/?ref=page_internal\">Hospitaliers Valenciennes<\/a> auquel il offre son dynamisme et ses qualit\u00e9s de volont\u00e9 et de s\u00e9rieux . Ce sont les m\u00eames qualit\u00e9s qu&#8217;il met au service du Centre Hospitalier de Valenciennes. Philibert est belge et a fait ses \u00e9tudes dans son pays d&#8217;origine. Il a, en 2015, int\u00e9gr\u00e9, en tant qu&#8217;en ergoth\u00e9rapeute, cette structure hospitali\u00e8re, r\u00e9f\u00e9rence dans les Hauts de France, la belle r\u00e9gion de l&#8217;Escaut et le Football Entreprise il y a cinq ans.<\/strong><\/p>\n\n\n\n<p style=\"color:#1962d1\" class=\"has-text-color\"><strong>Ne manquez pas cet entretien avec un gar\u00e7on lucide sur la situation mais \u00e9galement optimiste pour l&#8217;avenir. Certes, le football lui manque mais le plus important reste son activit\u00e9 aupr\u00e8s des patients. <\/strong><\/p>\n\n\n\n<p><strong>Philibert MOSTENNE<\/strong><\/p>\n\n\n\n<hr class=\"wp-block-separator\"\/>\n\n\n\n<p><\/p>\n\n\n\n<div class=\"wp-block-media-text alignwide is-stacked-on-mobile\" style=\"grid-template-columns:21% auto\"><figure class=\"wp-block-media-text__media\"><img decoding=\"async\" loading=\"lazy\" width=\"100\" height=\"100\" src=\"https:\/\/i0.wp.com\/unfe.frwp-content\/uploads\/2020\/12\/Ph-Mostenne.jpg?resize=100%2C100&#038;ssl=1\" alt=\"\" class=\"wp-image-6405\" data-recalc-dims=\"1\"\/><\/figure><div class=\"wp-block-media-text__content\">\n<p style=\"color:#0071a1\" class=\"has-text-color has-normal-font-size\"><strong>En quoi consiste ton activit\u00e9 professionnelle ?<\/strong><\/p>\n\n\n\n<p class=\"has-normal-font-size\">Je suis ergoth\u00e9rapeute au <a href=\"https:\/\/www.facebook.com\/Hospitaliers-Valenciennes-Amicale-Football-Club-2285779181529166\/photos\/?ref=page_internal\"><strong>CHV de Valenciennes<\/strong><\/a>. J\u2019interviens sur demande m\u00e9dicale, principalement aupr\u00e8s de personnes \u00e2g\u00e9es. <\/p>\n\n\n\n<p class=\"has-normal-font-size\">Les missions sont vari\u00e9es : bilan de chute avec \u00e9valuation de la marche des patients, pr\u00e9conisation d\u2019aides techniques (en consultation, aux urgences ou en conventionnel), \u00e9valuation du domicile, travail des transferts, pr\u00e9paration des retours \u00e0 domicile selon autonomie ant\u00e9rieure, conseil d\u2019orientation, conseil d\u2019installation pour les patients en fin de vie, &#8230;<\/p>\n<\/div><\/div>\n\n\n\n<p style=\"color:#1962d1\" class=\"has-text-color\"><strong>Depuis le d\u00e9but de l\u2019\u00e9pid\u00e9mie, le contenu de ton activit\u00e9 a-t-il chang\u00e9 ?<\/strong><\/p>\n\n\n\n<p>Tout l\u2019h\u00f4pital s\u2019est r\u00e9organis\u00e9 rapidement. Du jour au lendemain, il n\u2019y a plus eu de consultations, de visites\u2026 Les soins moins urgents comme la r\u00e9\u00e9ducation ont d\u00fb \u00eatre diff\u00e9r\u00e9s. Pour de nombreux Professionnels il a fallu faire preuve d\u2019agilit\u00e9 surtout les premiers jours. De nouvelles missions sont apparues, dans le but de soulager les services sous tension.<\/p>\n\n\n\n<div class=\"wp-block-image\"><figure class=\"aligncenter size-large is-resized\"><img decoding=\"async\" loading=\"lazy\" src=\"https:\/\/i0.wp.com\/unfe.frwp-content\/uploads\/2020\/12\/Ph-MOSTENNE-2020.jpg?resize=262%2C538&#038;ssl=1\" alt=\"\" class=\"wp-image-6411\" width=\"262\" height=\"538\" srcset=\"https:\/\/i0.wp.com\/unfe.fr\/wp-content\/uploads\/2020\/12\/Ph-MOSTENNE-2020.jpg?w=392 392w, https:\/\/i0.wp.com\/unfe.fr\/wp-content\/uploads\/2020\/12\/Ph-MOSTENNE-2020.jpg?resize=146%2C300 146w\" sizes=\"(max-width: 262px) 100vw, 262px\" data-recalc-dims=\"1\" \/><\/figure><\/div>\n\n\n\n<p style=\"color:#0071a1\" class=\"has-text-color\"><strong>Quel est ton poste sur le terrain avec les Hospitaliers Valenciennes ?<\/strong><\/p>\n\n\n\n<p>\u00ab D\u00e9fenseur, o\u00f9 tu veux ! \u00bb. Je suis \u00e0 la disposition du coach pour tous les postes d\u00e9fensifs.<\/p>\n\n\n\n<p>J\u2019aime bien \u00eatre lat\u00e9ral, \u00ab back \u00bb comme on dit en Belgique (je suis Belge), car tu apportes ton soutien au jeu offensif et tu cours beaucoup en faisant des allers-retours.<\/p>\n\n\n\n<p>Je suis aussi bon et hargneux sur l\u2019homme en marquage individuel. Lors des grands matchs, c\u2019est souvent le r\u00f4le qui m\u2019est attribu\u00e9 : ne pas laisser 1m \u00e0 l\u2019attaquant.<\/p>\n\n\n\n<p style=\"color:#1962d1\" class=\"has-text-color\"><strong>Depuis quand es tu dans ce club ?<\/strong><\/p>\n\n\n\n<p>Cela fait 5 ans, d\u00e9j\u00e0 ! Je suis arriv\u00e9 en France, \u00e0 Valenciennes en 2015 pour le travail. Et je ne connaissais rien dans le coin. C\u2019est mon ancien cadre qui m\u2019a mis en relation avec le Pr\u00e9sident des hospitaliers suite \u00e0 nos \u00e9changes footballistiques, lui-m\u00eame avait fait partie du club et me louait les fameux d\u00e9placements, l\u2019ambiance\u2026<\/p>\n\n\n\n<figure class=\"wp-block-image size-large\"><img decoding=\"async\" loading=\"lazy\" width=\"1024\" height=\"768\" src=\"https:\/\/i0.wp.com\/unfe.frwp-content\/uploads\/2020\/12\/IMG_4399-1024x768.jpg?resize=1024%2C768&#038;ssl=1\" alt=\"\" class=\"wp-image-6412\" srcset=\"https:\/\/i0.wp.com\/unfe.fr\/wp-content\/uploads\/2020\/12\/IMG_4399.jpg?resize=1024%2C768 1024w, https:\/\/i0.wp.com\/unfe.fr\/wp-content\/uploads\/2020\/12\/IMG_4399.jpg?resize=300%2C225 300w, https:\/\/i0.wp.com\/unfe.fr\/wp-content\/uploads\/2020\/12\/IMG_4399.jpg?resize=768%2C576 768w, https:\/\/i0.wp.com\/unfe.fr\/wp-content\/uploads\/2020\/12\/IMG_4399.jpg?w=1228 1228w\" sizes=\"(max-width: 1024px) 100vw, 1024px\" data-recalc-dims=\"1\" \/><figcaption><strong><span class=\"has-inline-color has-luminous-vivid-orange-color\">Hospitaliers Valencienne<\/span><\/strong><span class=\"has-inline-color has-luminous-vivid-orange-color\"><strong>s<\/strong><\/span><\/figcaption><\/figure>\n\n\n\n<p style=\"color:#0071a1\" class=\"has-text-color\"><strong>Est-ce que vous parlez de foot avec les patients ?<\/strong><\/p>\n\n\n\n<p>Cela arrive parfois oui. Je discute volontiers avec mes patients, \u00e7a d\u00e9dramatise parfois leur situation, \u00e7a change les id\u00e9es. Avec certains, on parle des matchs pass\u00e9s ou \u00e0 venir, \u00ab on refait le match \u00bb (pour paraphraser Eug\u00e8ne Saccomano). Je suis d\u00e9j\u00e0 tomb\u00e9 sur d\u2019anciens bons sportifs du coin, des footeux mais aussi des cyclistes bien connus de la r\u00e9gion. En tant qu\u2019amateur de sport au sens large, je buvais leurs paroles et leurs anecdotes.<\/p>\n\n\n\n<p style=\"color:#1962d1\" class=\"has-text-color\"><strong>Avec les diverses interdictions de visite des familles, est-ce que maintenir le lien social avec les patients est pour toi un axe nouveau dans ton r\u00f4le ou existait-il d\u00e9j\u00e0 auparavant ?<\/strong><\/p>\n\n\n\n<p>L\u2019isolement des patients \u00e0 l\u2019h\u00f4pital leur est tr\u00e8s p\u00e9nible, d\u00e9j\u00e0 en temps normal, mais encore plus depuis f\u00e9vrier. C\u2019est honn\u00eatement ce qui m\u2019a le plus touch\u00e9 durant les phases aigues. Savoir ces patients en souffrance, parfois en fin de vie, isol\u00e9s et seuls face \u00e0 des soignants m\u00e9connaissables, tous \u00e9quip\u00e9s de masque, lunettes, charlotte, blouse, sur-blouses, avec les chambres ferm\u00e9es, contacts limit\u00e9s\u2026<\/p>\n\n\n\n<p>Certains ont parfois quitt\u00e9 leurs proches en se rendant en urgence \u00e0 l\u2019h\u00f4pital et ne les ont jamais revus.<\/p>\n\n\n\n<p>Notre \u00e9tablissement est tr\u00e8s r\u00e9actif, fort heureusement. Des outils de communication ont \u00e9t\u00e9 mis en place pour pouvoir \u00e9changer en audio ou visio et leur redonner de la motivation. Cela fait partie des nouvelles missions qui ont \u00e9t\u00e9 attribu\u00e9es \u00e0 certains.<\/p>\n\n\n\n<div class=\"wp-block-image\"><figure class=\"aligncenter size-large\"><img decoding=\"async\" loading=\"lazy\" width=\"472\" height=\"364\" src=\"https:\/\/i0.wp.com\/unfe.frwp-content\/uploads\/2020\/12\/mostenne-2-1.jpg?resize=472%2C364&#038;ssl=1\" alt=\"\" class=\"wp-image-6413\" srcset=\"https:\/\/i0.wp.com\/unfe.fr\/wp-content\/uploads\/2020\/12\/mostenne-2-1.jpg?w=472 472w, https:\/\/i0.wp.com\/unfe.fr\/wp-content\/uploads\/2020\/12\/mostenne-2-1.jpg?resize=300%2C231 300w\" sizes=\"(max-width: 472px) 100vw, 472px\" data-recalc-dims=\"1\" \/><\/figure><\/div>\n\n\n\n<p style=\"color:#0071a1\" class=\"has-text-color\"><strong>Autrement dit, est-ce que tu as pens\u00e9 \u00e0 un moment : &#8221;<em>Je dois me comporter avec ces patients comme s&#8217;ils \u00e9taient des proches ou des parents&#8221; ?<\/em><\/strong><\/p>\n\n\n\n<p>Non. Tout soignant sait qu\u2019il n\u2019est pas bon, pour soi-m\u00eame ou pour les patients, d\u2019avoir trop de proximit\u00e9. Ce n\u2019est pas pour autant qu\u2019on ne les prend pas aussi bien en charge que si c\u2019\u00e9taient nos proches.<\/p>\n\n\n\n<p>En tant que r\u00e9\u00e9ducateur, nous avons le pouvoir de les motiver en les valorisant dans leurs progr\u00e8s. On en sur-joue parfois mais on sait l\u2019impact que \u00e7a peut avoir sur leur dynamisme et leur futur.<\/p>\n\n\n\n<p style=\"color:#1962d1\" class=\"has-text-color\"><strong>Ton \u00e9coute du patient a-t-elle chang\u00e9 ?<\/strong><\/p>\n\n\n\n<p>Pas vraiment. Cela n\u2019a pas impact\u00e9 mon \u00e9coute. On essaie de passer un peu plus de temps avec eux quand on peut, les sachant isol\u00e9s.<\/p>\n\n\n\n<p style=\"color:#1962d1\" class=\"has-text-color\"><strong>Etre solidaire, se soutenir, rester positif : ce sont des valeurs du sport et du football. Est-ce que tu penses que le fait de pratiquer un sport collectif comme le football est b\u00e9n\u00e9fique pour renforcer tes relations humaines, la solidarit\u00e9 et l\u2019esprit collectif au sein de ton activit\u00e9 professionnelle ? Autrement dit, penses-tu qu\u2019il existe des valeurs communes entre le sport et l\u2019ergoth\u00e9rapie ?<\/strong><\/p>\n\n\n\n<p>Comme dans tout sport collectif, l\u2019esprit d\u2019\u00e9quipe, la communication et la coordination sont primordiaux. Les r\u00e9sultats en d\u00e9coulent. C\u2019est exactement la m\u00eame chose dans les \u00e9quipes de soins multidisciplinaires. On peut \u00eatre bon individuellement. Mais si l\u2019on ne roule pas tous ensemble vers&nbsp; le m\u00eame objectif, les r\u00e9sultats ne seront pas optimaux.<\/p>\n\n\n\n<blockquote class=\"wp-block-quote\"><p>Une bonne ambiance dans les \u00e9quipes (hospitali\u00e8res ou\/et sportives) va souvent de pair avec de bons r\u00e9sultats.<\/p><\/blockquote>\n\n\n\n<p style=\"color:#1962d1\" class=\"has-text-color\"><strong>Certains clubs amateurs modestes ont lanc\u00e9 des actions diverses ou initiatives pour soutenir les soignants. Est-ce que tu penses que les clubs, amateurs ou professionnels, devraient s\u2019engager de fa\u00e7on plus proactive dans ce combat aux c\u00f4t\u00e9s du personnel soignant ?<\/strong><\/p>\n\n\n\n<div class=\"wp-block-image\"><figure class=\"aligncenter size-large is-resized\"><img decoding=\"async\" loading=\"lazy\" src=\"https:\/\/i0.wp.com\/unfe.frwp-content\/uploads\/2020\/12\/photo-equipe-1-1024x768.png?resize=493%2C370&#038;ssl=1\" alt=\"\" class=\"wp-image-6416\" width=\"493\" height=\"370\" srcset=\"https:\/\/i0.wp.com\/unfe.fr\/wp-content\/uploads\/2020\/12\/photo-equipe-1.png?resize=1024%2C768 1024w, https:\/\/i0.wp.com\/unfe.fr\/wp-content\/uploads\/2020\/12\/photo-equipe-1.png?resize=300%2C225 300w, https:\/\/i0.wp.com\/unfe.fr\/wp-content\/uploads\/2020\/12\/photo-equipe-1.png?resize=768%2C576 768w, https:\/\/i0.wp.com\/unfe.fr\/wp-content\/uploads\/2020\/12\/photo-equipe-1.png?resize=1536%2C1152 1536w, https:\/\/i0.wp.com\/unfe.fr\/wp-content\/uploads\/2020\/12\/photo-equipe-1.png?w=1779 1779w\" sizes=\"(max-width: 493px) 100vw, 493px\" data-recalc-dims=\"1\" \/><\/figure><\/div>\n\n\n\n<p>J\u2019ai encore vu une vid\u00e9o la semaine derni\u00e8re des joueurs du VAFC (Ligue 2) et des soignants sur une post du FACEBOOK du CHV. Les soignants hospitaliers ont re\u00e7u \u00e9norm\u00e9ment de soutien de tout type : les joueurs du VAFC, les supporters, mais \u00e9galement de la part des enfants via des messages de soutien, des dessins, des po\u00e8mes \u2026 on en a d\u2019ailleurs affich\u00e9 certains dans notre salle de pause. C\u2019est motivant de se sentir soutenu dans cette bataille.<\/p>\n\n\n\n<p>On a beaucoup parl\u00e9 des soignants de l\u2019h\u00f4pital, mais c\u2019\u00e9tait parfois g\u00eanant car il ne faut oublier tous les autres ! Les ambulanciers, pompiers, services de soins \u00e0 domicile, qui sont en premi\u00e8re ligne, les lib\u00e9raux (kin\u00e9, ortho, IDE, m\u00e9decin traitant,..).Mais \u00e9galement les autres professions, les agents de grandes surfaces qui sont rest\u00e9es ouvertes, les agents de nettoyage (souvent oubli\u00e9s), les forces de l\u2019ordre\u2026 et tous les commer\u00e7ants qui nous ont \u00e9galement apport\u00e9 leur soutien, alors qu\u2019ils sont en train de sombrer financi\u00e8rement depuis plusieurs mois\u2026<\/p>\n\n\n\n<div class=\"wp-block-image\"><figure class=\"aligncenter size-large is-resized\"><img decoding=\"async\" loading=\"lazy\" src=\"https:\/\/i0.wp.com\/unfe.frwp-content\/uploads\/2020\/12\/IMG_0984-768x1024.jpg?resize=447%2C596&#038;ssl=1\" alt=\"\" class=\"wp-image-6414\" width=\"447\" height=\"596\" srcset=\"https:\/\/i0.wp.com\/unfe.fr\/wp-content\/uploads\/2020\/12\/IMG_0984-scaled.jpg?resize=768%2C1024 768w, https:\/\/i0.wp.com\/unfe.fr\/wp-content\/uploads\/2020\/12\/IMG_0984-scaled.jpg?resize=225%2C300 225w, https:\/\/i0.wp.com\/unfe.fr\/wp-content\/uploads\/2020\/12\/IMG_0984-scaled.jpg?resize=1152%2C1536 1152w, https:\/\/i0.wp.com\/unfe.fr\/wp-content\/uploads\/2020\/12\/IMG_0984-scaled.jpg?resize=1536%2C2048 1536w, https:\/\/i0.wp.com\/unfe.fr\/wp-content\/uploads\/2020\/12\/IMG_0984-scaled.jpg?w=1920 1920w\" sizes=\"(max-width: 447px) 100vw, 447px\" data-recalc-dims=\"1\" \/><\/figure><\/div>\n\n\n\n<p style=\"color:#0071a1\" class=\"has-text-color\"><strong>Est-ce que tu penses avoir acquis une nouvelle exp\u00e9rience au cours de ces derniers mois ?<\/strong><\/p>\n\n\n\n<p>Je suis quelqu\u2019un qui a besoin de contact social : j\u2019ai besoin d\u2019\u00eatre aupr\u00e8s de ma famille et de mes amis. J\u2019ai d\u00fb am\u00e9liorer ma communication via les r\u00e9seaux, chose que je n\u2019aime pas faire habituellement. C\u2019\u00e9tait la seule alternative, \u00e9tant donn\u00e9 qu\u2019\u00e9tant \u00e0 risque en travaillant dans les unit\u00e9s COVID, j\u2019ai d\u00e9cid\u00e9 de limiter les contacts et de privil\u00e9gier les \u00e9changes virtuels. J\u2019ai vu ma grand-m\u00e8re seulement 3 fois en 9 mois, mon filleul \u00e0 peine plus\u2026<\/p>\n\n\n\n<p>Leur faire comprendre qu\u2019on ne vient pas les voir, non pas parce qu\u2019on ne veut pas, mais bien pour les prot\u00e9ger n\u2019est pas ais\u00e9.<\/p>\n\n\n\n<p>On a tous fonctionn\u00e9 de la m\u00eame fa\u00e7on, je pense. Ces derniers mois ont \u00e9t\u00e9 p\u00e9nibles et frustrants, sans vraiment savoir vers quoi on allait. La vie nous manque tous. \u00c7a a chang\u00e9 nos mentalit\u00e9s, nos fa\u00e7ons de vivre, nos priorit\u00e9s\u2026<\/p>\n\n\n\n<p style=\"color:#1962d1\" class=\"has-text-color\"><strong>Le foot : est-ce que vous avez repris avec ton club une activit\u00e9 physique en vue de la reprise ?<\/strong><\/p>\n\n\n\n<p>On avait repris en d\u00e9but de saison sous forme de FIVE lors de la r\u00e9ouverture des salles de sport, puis sur terrain. On \u00e9tait nombreux et motiv\u00e9s, avec m\u00eame pas mal de nouvelles t\u00eates. Mais cela n\u2019a malheureusement et logiquement pas dur\u00e9 avec l\u2019apparition de la seconde vague.<\/p>\n\n\n\n<blockquote class=\"wp-block-quote\"><p>J\u2019adore le foot, mais cela reste un sport, une passion. Cela ne doit pas prendre le dessus sur la sant\u00e9 des gens. Vu la contagiosit\u00e9 et la gravit\u00e9 du virus, il ne faut pas prendre de risque.<\/p><\/blockquote>\n\n\n\n<p>C\u2019est dur d\u2019envisager une reprise. On essaye de rester motiv\u00e9s et \u00ab fit \u00bb en partageant nos pratiques individuelles sur les r\u00e9seaux (course \u00e0 pied, v\u00e9lo, ou de l\u2019E-sport pour certains, comme Marwane avec son beau parcours en coupe E-sport FIFA 21 X UNFE, entre 2 cours en visioconf\u00e9rence).<\/p>\n\n\n\n<div class=\"wp-block-image\"><figure class=\"aligncenter size-large is-resized\"><img decoding=\"async\" loading=\"lazy\" src=\"https:\/\/i0.wp.com\/unfe.frwp-content\/uploads\/2020\/12\/Phili-\u00e9chauffement.jpg?resize=198%2C509&#038;ssl=1\" alt=\"\" class=\"wp-image-6415\" width=\"198\" height=\"509\" srcset=\"https:\/\/i0.wp.com\/unfe.fr\/wp-content\/uploads\/2020\/12\/Phili-\u00e9chauffement.jpg?w=279 279w, https:\/\/i0.wp.com\/unfe.fr\/wp-content\/uploads\/2020\/12\/Phili-\u00e9chauffement.jpg?resize=117%2C300 117w\" sizes=\"(max-width: 198px) 100vw, 198px\" data-recalc-dims=\"1\" \/><\/figure><\/div>\n\n\n\n<p style=\"color:#1962d1\" class=\"has-text-color\"><strong>Au sujet du football, qu\u2019est-ce qui te manque le plus aujourd\u2019hui ?<\/strong><\/p>\n\n\n\n<p>Encore une fois, le social ! Les d\u00e9placements, le partage, les amis, la comp\u00e9tition\u2026 Je n\u2019aurai fait qu\u2019un seul match officiel en 2020\u2026<\/p>\n\n\n\n<p style=\"color:#1962d1\" class=\"has-text-color\"><strong>Un message personnel ?<\/strong><\/p>\n\n\n\n<p>Prenez bien soin de vous et de vos proches en respectant les gestes barri\u00e8res, d\u2019autant plus avec les personnes \u00e0 risque. Vivement 2021. Bonnes f\u00eates de fin d\u2019ann\u00e9e.<\/p>\n\n\n\n<p>MERCI<\/p>\n\n\n\n<p><\/p>\n","protected":false},"excerpt":{"rendered":"<p>&#8221;Avec certains patients, on parle des matchs pass\u00e9s ou \u00e0 venir, \u00ab on refait le match&#8221; Philibert MOSTENNE est d\u00e9fenseur de l&#8217;\u00e9quipe de Football des Hospitaliers Valenciennes auquel il offre son dynamisme et ses qualit\u00e9s de volont\u00e9 et de s\u00e9rieux . Ce sont les m\u00eames qualit\u00e9s qu&#8217;il met au service du Centre Hospitalier de Valenciennes. [&hellip;]<\/p>\n","protected":false},"author":3,"featured_media":6396,"comment_status":"open","ping_status":"closed","sticky":false,"template":"","format":"standard","meta":{"_monsterinsights_skip_tracking":false,"_monsterinsights_sitenote_active":false,"_monsterinsights_sitenote_note":"","_monsterinsights_sitenote_category":0,"footnotes":""},"categories":[12,11],"tags":[],"jetpack_sharing_enabled":true,"jetpack_featured_media_url":"https:\/\/i0.wp.com\/unfe.fr\/wp-content\/uploads\/2020\/12\/mostenne-2.jpg?fit=472%2C364","_links":{"self":[{"href":"http:\/\/unfe.fr\/index.php?rest_route=\/wp\/v2\/posts\/6395"}],"collection":[{"href":"http:\/\/unfe.fr\/index.php?rest_route=\/wp\/v2\/posts"}],"about":[{"href":"http:\/\/unfe.fr\/index.php?rest_route=\/wp\/v2\/types\/post"}],"author":[{"embeddable":true,"href":"http:\/\/unfe.fr\/index.php?rest_route=\/wp\/v2\/users\/3"}],"replies":[{"embeddable":true,"href":"http:\/\/unfe.fr\/index.php?rest_route=%2Fwp%2Fv2%2Fcomments&post=6395"}],"version-history":[{"count":15,"href":"http:\/\/unfe.fr\/index.php?rest_route=\/wp\/v2\/posts\/6395\/revisions"}],"predecessor-version":[{"id":6419,"href":"http:\/\/unfe.fr\/index.php?rest_route=\/wp\/v2\/posts\/6395\/revisions\/6419"}],"wp:featuredmedia":[{"embeddable":true,"href":"http:\/\/unfe.fr\/index.php?rest_route=\/wp\/v2\/media\/6396"}],"wp:attachment":[{"href":"http:\/\/unfe.fr\/index.php?rest_route=%2Fwp%2Fv2%2Fmedia&parent=6395"}],"wp:term":[{"taxonomy":"category","embeddable":true,"href":"http:\/\/unfe.fr\/index.php?rest_route=%2Fwp%2Fv2%2Fcategories&post=6395"},{"taxonomy":"post_tag","embeddable":true,"href":"http:\/\/unfe.fr\/index.php?rest_route=%2Fwp%2Fv2%2Ftags&post=6395"}],"curies":[{"name":"wp","href":"https:\/\/api.w.org\/{rel}","templated":true}]}}