{"id":6607,"date":"2021-02-17T15:08:03","date_gmt":"2021-02-17T14:08:03","guid":{"rendered":"http:\/\/unfe.fr\/?p=6607"},"modified":"2021-03-21T15:31:33","modified_gmt":"2021-03-21T14:31:33","slug":"le-football-entreprise-gagne-du-terrain","status":"publish","type":"post","link":"http:\/\/unfe.fr\/?p=6607","title":{"rendered":"Le Football Entreprise gagne du terrain"},"content":{"rendered":"\n<h4 class=\"wp-block-heading\">A d\u00e9faut de voir les clubs du Football Entreprise et tous les autres, retrouver le chemin du terrain, l\u2019UNFE en gagne.<\/h4>\n\n\n\n<p>Comme vous le savez peut- \u00eatre, notre association \u2018<em>\u2019fait feu de tout bois\u2019\u2019<\/em> et est entr\u00e9e sur le terrain&nbsp; pour se faire entendre et ce depuis plusieurs ann\u00e9es. Mais la p\u00e9riode \u00e9lectorale actuelle (pour info, le nouveau Pr\u00e9sident de la FFF sera \u00e9lu le 13 Mars) est particuli\u00e8rement propice aux suggestions et propositions. Nous sommes dans le money time et comme pour toutes les \u00e9lections, l\u2019\u00e9coute appara\u00eet toujours plus attentive que pendant les mandats. Allez savoir pourquoi&nbsp;!<\/p>\n\n\n\n<blockquote class=\"wp-block-quote\"><p><strong>M\u00e8tre carr\u00e9 apr\u00e8s m\u00e8tre carr\u00e9, nous avan\u00e7ons sur le terrain de l\u2019\u00e9coute.<\/strong><\/p><\/blockquote>\n\n\n\n<p>C\u2019est la raison pour laquelle nous avons interpel\u00e9, depuis le mois d\u2019ao\u00fbt, tous les candidats aux \u00e9lections des Pr\u00e9sidences de Ligues et de Districts, en leur communiquant d\u2019une part nos propositions pour l\u2019avenir du Football Entreprise et en leur indiquant que notre association et sans doute l\u2019ensemble des clubs FE \u00e9taient pr\u00eats \u00e0 accompagner et soutenir toutes les initiatives int\u00e9ressantes. Nous avons re\u00e7u plusieurs retours positifs des Districts de <strong>Provence, Aude, Meurthe et Moselle<\/strong>\u2026etc&nbsp; et de Ligues comme celle de <strong>M\u00e9diterran\u00e9e<\/strong> avec laquelle une visioconf\u00e9rence a d\u00e9j\u00e0 \u00e9t\u00e9 organis\u00e9e et dont le Pr\u00e9sident a d\u00e9clar\u00e9, le 26 Octobre, sur les r\u00e9seaux sociaux que sa Ligue avait des projets et qu\u2019elle travaillerait sur le Football entreprise.<\/p>\n\n\n\n<div class=\"wp-block-image\"><figure class=\"aligncenter size-large is-resized\"><img decoding=\"async\" loading=\"lazy\" src=\"https:\/\/i0.wp.com\/unfe.frwp-content\/uploads\/2021\/02\/nigel-msipa-t5ny_JdGxJc-unsplash-1024x683.jpg?resize=569%2C378&#038;ssl=1\" alt=\"\" class=\"wp-image-6613\" width=\"569\" height=\"378\" srcset=\"https:\/\/i0.wp.com\/unfe.fr\/wp-content\/uploads\/2021\/02\/nigel-msipa-t5ny_JdGxJc-unsplash-scaled.jpg?resize=300%2C200 300w, https:\/\/i0.wp.com\/unfe.fr\/wp-content\/uploads\/2021\/02\/nigel-msipa-t5ny_JdGxJc-unsplash-scaled.jpg?resize=768%2C512 768w, https:\/\/i0.wp.com\/unfe.fr\/wp-content\/uploads\/2021\/02\/nigel-msipa-t5ny_JdGxJc-unsplash-scaled.jpg?resize=1536%2C1024 1536w, https:\/\/i0.wp.com\/unfe.fr\/wp-content\/uploads\/2021\/02\/nigel-msipa-t5ny_JdGxJc-unsplash-scaled.jpg?resize=2048%2C1365 2048w, https:\/\/i0.wp.com\/unfe.fr\/wp-content\/uploads\/2021\/02\/nigel-msipa-t5ny_JdGxJc-unsplash-scaled.jpg?w=2400 2400w\" sizes=\"(max-width: 569px) 100vw, 569px\" data-recalc-dims=\"1\" \/><\/figure><\/div>\n\n\n\n<p>Aujourd\u2019hui, nous sommes pass\u00e9s \u00e0 la derni\u00e8re \u00e9tape de ce gagne-terrain positif. Le terrain du Football Entreprise est constructible et nous proposons, comme premi\u00e8re id\u00e9e, d\u2019y b\u00e2tir un socle solide et un r\u00e9seau de d\u00e9veloppement efficace et porteur pour les instances de la FFF sur tout le territoire national. Sans oublier les Ligues <strong>DOM TOM<\/strong> dont certaines, comme la R\u00e9union ou la Guyane, sont d\u00e9j\u00e0 tr\u00e8s actives et pr\u00e9sentes sur le Football Entreprise.<\/p>\n\n\n\n<p>C\u2019est sur cette base et terreau constructif que nous avons contact\u00e9 les trois candidats d\u00e9clar\u00e9s&nbsp;(alphab\u00e9tiquement : <strong><em>No\u00ebl LE GRAET, Michel MOULIN et Fr\u00e9d\u00e9ric THIRIEZ<\/em><\/strong>) en mentionnant \u00e0 chaque contact t\u00e9l\u00e9phonique ou visioconf\u00e9rence, que notre association souhaitait garder sa <strong><span style=\"text-decoration: underline;\">neutralit\u00e9<\/span><\/strong>. La lecture des programmes qui vont \u00eatre pr\u00e9sent\u00e9s nous dira si nos arguments ont port\u00e9 et si un terrain d\u2019entente a \u00e9t\u00e9 trouv\u00e9.&nbsp;C&#8217;est d\u00e9j\u00e0 le cas pour l&#8217;un d&#8217;entre eux en attendant les suivants.<\/p>\n\n\n\n<p>D\u2019autres contacts sont programm\u00e9s avec des membres des listes \u00e9lectorales et nous ne manquerons pas d\u2019argumenter pour leur faire prendre conscience de leur int\u00e9r\u00eat \u00e0 int\u00e9grer le d\u00e9veloppement du Football en entreprise.<\/p>\n\n\n\n<hr class=\"wp-block-separator\"\/>\n\n\n\n<p><strong>3 Chiffres&nbsp;pour les convaincre<\/strong>&nbsp;:<\/p>\n\n\n\n<figure class=\"wp-block-image size-large\"><img decoding=\"async\" loading=\"lazy\" width=\"637\" height=\"220\" src=\"https:\/\/i0.wp.com\/unfe.frwp-content\/uploads\/2021\/02\/CHIFFRES.jpg?resize=637%2C220&#038;ssl=1\" alt=\"\" class=\"wp-image-6611\" srcset=\"https:\/\/i0.wp.com\/unfe.fr\/wp-content\/uploads\/2021\/02\/CHIFFRES.jpg?w=637 637w, https:\/\/i0.wp.com\/unfe.fr\/wp-content\/uploads\/2021\/02\/CHIFFRES.jpg?resize=300%2C104 300w\" sizes=\"(max-width: 637px) 100vw, 637px\" data-recalc-dims=\"1\" \/><figcaption><strong><span class=\"has-inline-color has-luminous-vivid-orange-color\">Vous avez dit &#8221;potentiel&#8221; ?<\/span><\/strong><\/figcaption><\/figure>\n\n\n\n<hr class=\"wp-block-separator\"\/>\n\n\n\n<p>Pour nous accompagner, nos deux parrains, <a rel=\"noreferrer noopener\" href=\"https:\/\/unfe.fr?page_id=6477\" target=\"_blank\"><strong>Nicolas DOUCHEZ<\/strong> et <strong>Mathieu BODMER<\/strong><\/a>, nous apportent leur visibilit\u00e9 et leur poids m\u00e9diatiques \u00e0 tel point que plusieurs m\u00e9dias (FOOT NATIONAL, FOOT AMATEUR.fr, RCF RADIO\u2026etc), ont contact\u00e9 notre association pour recueillir leurs ressentis et id\u00e9es dans leur nouveau challenge en faveur du Football Entreprise.<\/p>\n\n\n\n<p>Liens des publications dans la presse, dont une toute derni\u00e8re sur le site <strong>&#8221;<a href=\"https:\/\/www.footamateur.fr\/categories\/football-diversifie\/football-entreprise\/\">FOOT AMATEUR<\/a>.fr&#8221;<\/strong> qui vient de cr\u00e9er une rubrique d\u00e9di\u00e9e&nbsp;au Football Entreprise \u00e0 laquelle nous collaborerons :<\/p>\n\n\n\n<ul><li><a href=\"https:\/\/www.footamateur.fr\/categories\/football-diversifie\/football-entreprise\/\">F<\/a><a rel=\"noreferrer noopener\" href=\"https:\/\/www.footamateur.fr\/categories\/football-diversifie\/football-entreprise\/\" target=\"_blank\">oot Amateur<\/a>.fr<\/li><li><a href=\"http:\/\/www.actufoot.com\/national\/nicolas-douchez-mathieu-bodmer-nouveaux-parrains-football-entreprise\">ActuFoot<\/a><\/li><li><a href=\"https:\/\/www.sportmag.fr\/collectif\/football\/mathieu-bodmer-et-nicolas-douchez-parrains-de-lunion-nationale-du-football-entreprise\/\">SportMag<\/a><\/li><li><a href=\"http:\/\/www.actufoot.com\/national\/nicolas-douchez-mathieu-bodmer-nouveaux-parrains-football-entreprise\">Foot National<\/a><\/li><li><a href=\"https:\/\/rcf.fr\/actualite\/sport\/mathieu-bodmer-s-engage-pour-le-foot-d-entreprise\">RCF \u2013 RADIO Foot d&#8217;en Hauts<\/a><\/li><li><a href=\"https:\/\/www.sport-au-travail.com\/la-news-sport-entreprise\">Le Sport au Travail &#8211; Julien Pierre<\/a><\/li><li><a href=\"https:\/\/www.foot-gironde.fr\/2021\/02\/03\/deux-parrains-de-renom-pour-le-football-entreprise\/\">Foot Gironde.fr<\/a><\/li><li><a href=\"https:\/\/www.football-addict.com\/fr\/article\/amateurs\/nicolas-douchez-et-mathieu-bodmer-nouveaux-parrains-du-football-entreprise\/600c7504cc958d00089470f9\">Football Addict<\/a><\/li><li><a href=\"https:\/\/sans-filtre.fr\/football-mathieu-bodmer-football-is-life\/\" target=\"_blank\" rel=\"noreferrer noopener\">Sans Filtre<\/a><\/li><li>&#8230;<\/li><\/ul>\n\n\n\n<blockquote class=\"wp-block-quote\"><p><strong>L\u00e0 encore, nous gagnons du terrain sur l\u2019expression et la communication<\/strong>.<\/p><\/blockquote>\n\n\n\n<p>Pendant que nos clubs attendent le plaisir de regagner leurs terrains de jeu, nous gagnons du terrain concret, loin des terrains vagues, et notre d\u00e9marche s\u00e9rieuse, non conflictuelle, neutre et constructive, et dans l\u2019int\u00e9r\u00eat de tous&nbsp;(salarie(\u00e9)s, agents, entreprises, d\u00e9cideurs, instances nationales et r\u00e9gionales, Minist\u00e8re des Sports) commence \u00e0 porter ses fruits.<\/p>\n\n\n\n<p>Elle les portera d\u2019autant plus que le futur Pr\u00e9sident de la FFF saura efficacement s\u2019en emparer.<\/p>\n\n\n\n<h4 class=\"wp-block-heading\"><strong><span class=\"has-inline-color has-very-dark-gray-color\">Nous faisons tout dans ce sens et comptons sur lui&nbsp;!<\/span><\/strong><\/h4>\n\n\n\n<p><\/p>\n","protected":false},"excerpt":{"rendered":"<p>A d\u00e9faut de voir les clubs du Football Entreprise et tous les autres, retrouver le chemin du terrain, l\u2019UNFE en gagne. Comme vous le savez peut- \u00eatre, notre association \u2018\u2019fait feu de tout bois\u2019\u2019 et est entr\u00e9e sur le terrain&nbsp; pour se faire entendre et ce depuis plusieurs ann\u00e9es. Mais la p\u00e9riode \u00e9lectorale actuelle (pour [&hellip;]<\/p>\n","protected":false},"author":3,"featured_media":6608,"comment_status":"open","ping_status":"closed","sticky":false,"template":"","format":"standard","meta":{"_monsterinsights_skip_tracking":false,"_monsterinsights_sitenote_active":false,"_monsterinsights_sitenote_note":"","_monsterinsights_sitenote_category":0,"footnotes":""},"categories":[11,13],"tags":[],"jetpack_sharing_enabled":true,"jetpack_featured_media_url":"https:\/\/i0.wp.com\/unfe.fr\/wp-content\/uploads\/2021\/02\/gagneduterrain-image.jpg?fit=750%2C500","_links":{"self":[{"href":"http:\/\/unfe.fr\/index.php?rest_route=\/wp\/v2\/posts\/6607"}],"collection":[{"href":"http:\/\/unfe.fr\/index.php?rest_route=\/wp\/v2\/posts"}],"about":[{"href":"http:\/\/unfe.fr\/index.php?rest_route=\/wp\/v2\/types\/post"}],"author":[{"embeddable":true,"href":"http:\/\/unfe.fr\/index.php?rest_route=\/wp\/v2\/users\/3"}],"replies":[{"embeddable":true,"href":"http:\/\/unfe.fr\/index.php?rest_route=%2Fwp%2Fv2%2Fcomments&post=6607"}],"version-history":[{"count":16,"href":"http:\/\/unfe.fr\/index.php?rest_route=\/wp\/v2\/posts\/6607\/revisions"}],"predecessor-version":[{"id":6699,"href":"http:\/\/unfe.fr\/index.php?rest_route=\/wp\/v2\/posts\/6607\/revisions\/6699"}],"wp:featuredmedia":[{"embeddable":true,"href":"http:\/\/unfe.fr\/index.php?rest_route=\/wp\/v2\/media\/6608"}],"wp:attachment":[{"href":"http:\/\/unfe.fr\/index.php?rest_route=%2Fwp%2Fv2%2Fmedia&parent=6607"}],"wp:term":[{"taxonomy":"category","embeddable":true,"href":"http:\/\/unfe.fr\/index.php?rest_route=%2Fwp%2Fv2%2Fcategories&post=6607"},{"taxonomy":"post_tag","embeddable":true,"href":"http:\/\/unfe.fr\/index.php?rest_route=%2Fwp%2Fv2%2Ftags&post=6607"}],"curies":[{"name":"wp","href":"https:\/\/api.w.org\/{rel}","templated":true}]}}