{"id":6733,"date":"2021-04-22T10:44:11","date_gmt":"2021-04-22T08:44:11","guid":{"rendered":"http:\/\/unfe.fr\/?p=6733"},"modified":"2021-04-22T11:50:30","modified_gmt":"2021-04-22T09:50:30","slug":"le-foot-amateur-attend-une-lfa-beaucoup-plus-proactive","status":"publish","type":"post","link":"http:\/\/unfe.fr\/?p=6733","title":{"rendered":"Le foot amateur attend une LFA beaucoup plus proactive"},"content":{"rendered":"\n<h2 class=\"wp-block-heading\">Le Football Entreprise note les promesses mais attend du concret<\/h2>\n\n\n\n<hr class=\"wp-block-separator\"\/>\n\n\n\n<p><strong>L\u2019Election du nouveau Pr\u00e9sident de la LFA <\/strong>(Ligue de Football Amateur) aura lieu le 30 Avril. Le Foot amateur est scl\u00e9ros\u00e9, en souffrance, et demande une \u00e9vidente remise en question, une attention soutenue et une \u00e9coute sinc\u00e8re et vitale. Le Football Entreprise ne fait pas exception et il est \u00e9vident que les clubs qui repr\u00e9sentent et portent les couleurs d\u2019entreprises de toutes tailles en M\u00e9tropole et dans les DOM TOM, connaissent, comme ces derni\u00e8res, des difficult\u00e9s, certes diff\u00e9rentes mais tout aussi r\u00e9elles et pr\u00e9judiciables.<\/p>\n\n\n\n<p>L\u2019arriv\u00e9e d\u2019un nouveau Pr\u00e9sident et d\u2019une nouvelle \u00e9quipe doit \u00eatre l\u2019imp\u00e9rative occasion de relancer le foot amateur, lui donner un avenir et des perspectives. Les dirigeants le r\u00e9clament, l\u2019attendent et ne comprendraient pas que rien ne se passe de concret apr\u00e8s les 30 Avril.&nbsp;<\/p>\n\n\n\n<div class=\"wp-block-image is-style-rounded\"><figure class=\"aligncenter size-large is-resized\"><img decoding=\"async\" loading=\"lazy\" src=\"https:\/\/i0.wp.com\/unfe.frwp-content\/uploads\/2021\/04\/lfa-vote2.jpg?resize=337%2C228&#038;ssl=1\" alt=\"\" class=\"wp-image-6741\" width=\"337\" height=\"228\" srcset=\"https:\/\/i0.wp.com\/unfe.fr\/wp-content\/uploads\/2021\/04\/lfa-vote2.jpg?w=666 666w, https:\/\/i0.wp.com\/unfe.fr\/wp-content\/uploads\/2021\/04\/lfa-vote2.jpg?resize=300%2C204 300w\" sizes=\"(max-width: 337px) 100vw, 337px\" data-recalc-dims=\"1\" \/><figcaption><strong><span class=\"has-inline-color has-luminous-vivid-orange-color\">Vincent NOLORGUES ou Guy GLARIA ?<\/span><\/strong><\/figcaption><\/figure><\/div>\n\n\n\n<p>Pour \u00eatre de la prochaine partie, l\u2019UNFE a transmis, au d\u00e9but du mois d\u2019avril, un courrier argument\u00e9 et des propositions aux deux candidats. Le but de ces contacts est de leur faire prendre conscience, face \u00e0 la baisse importante des licenci\u00e9s, que le Football Entreprise peut constituer un vrai levier de d\u00e9veloppement. Nous cessons de le r\u00e9p\u00e9ter ! <\/p>\n\n\n\n<p>Sauront ils saisir cette opportunit\u00e9 et lancer le plan structur\u00e9 que nous r\u00e9clamons depuis plusieurs ann\u00e9es et que l\u2019\u00e9quipe sortante de la LFA n\u2019a pas jug\u00e9 utile d\u2019initier&nbsp;r\u00e9ellement ?<\/p>\n\n\n\n<p>Les premiers contacts que nous aurons avec la nouvelle \u00e9quipe&nbsp;\u00e9lue seront r\u00e9v\u00e9lateurs de sa volont\u00e9, proactivit\u00e9 et surtout sinc\u00e9rit\u00e9.&nbsp;<\/p>\n\n\n\n<hr class=\"wp-block-separator\"\/>\n\n\n\n<p>En attendant, pour vous faire une id\u00e9e, nous vous livrons les extraits de leurs programmes relatifs au Football en Entreprise. Cette \u00e9lection, MANO A MANO, s&#8217;av\u00e8re tr\u00e8s ind\u00e9cise.<\/p>\n\n\n\n<div class=\"wp-block-media-text alignwide is-stacked-on-mobile\" style=\"grid-template-columns:30% auto\"><figure class=\"wp-block-media-text__media\"><img decoding=\"async\" loading=\"lazy\" width=\"289\" height=\"359\" src=\"https:\/\/i0.wp.com\/unfe.frwp-content\/uploads\/2021\/04\/LFA-NOLORGUES.jpg?resize=289%2C359&#038;ssl=1\" alt=\"\" class=\"wp-image-6736\" srcset=\"https:\/\/i0.wp.com\/unfe.fr\/wp-content\/uploads\/2021\/04\/LFA-NOLORGUES.jpg?w=289 289w, https:\/\/i0.wp.com\/unfe.fr\/wp-content\/uploads\/2021\/04\/LFA-NOLORGUES.jpg?resize=242%2C300 242w\" sizes=\"(max-width: 289px) 100vw, 289px\" data-recalc-dims=\"1\" \/><\/figure><div class=\"wp-block-media-text__content\">\n<p style=\"font-size:14px\"><strong><u><span style=\"color:#0071a1\" class=\"has-inline-color\"><a href=\"#1962d1\">Vincent NOLORGUES<\/a><\/span><br><\/u><\/strong>Certains membres de l\u2019\u00e9quipe, \u00e0 moiti\u00e9 renouvel\u00e9e, de Vincent NOLORGUES, vice-Pr\u00e9sident d\u00e9l\u00e9gu\u00e9 de l\u2019\u00e9quipe sortante, connaissent ce que l\u2019UNFE a propos\u00e9 depuis quatre ans voire plus. <br> Mr NOLORGUES souhaite <span style=\"color:#1962d1\" class=\"has-inline-color\"><strong>aborder le foot en entreprise dans le cadre du sport sant\u00e9, un domaine qu\u2019il conna\u00eet bien de par son parcours professionnel. Il souligne que le Football en entreprise est donc un vecteur de sant\u00e9 mais \u00e9galement de lien social et que le d\u00e9veloppement des nouvelles pratiques est un atout pour y contribuer. Son programme indique qu\u2019il propose d\u2019instaurer de v\u00e9ritables comp\u00e9titions afin de redynamiser le lien de proximit\u00e9 entre les entreprises et les diff\u00e9rentes instances.<\/strong><\/span><br>A la lecture de son programme et de ses d\u00e9clarations, les deux formes de pratiques \u2018\u2019loisir\u2019\u2019 et \u2018\u2019comp\u00e9tition\u2019\u2019 sont donc pr\u00e9sentes. De son c\u00f4t\u00e9, l\u2019UNFE les estime compl\u00e9mentaires.<br>Pour \u00eatre complet, Mr NOLORGUES, m\u00e9decin de formation, est originaire du Cantal entre Aurillac et Murat au pied du c\u00e9l\u00e8bre Puy Mary, bien connu des coureurs du Tour de France.<\/p>\n<\/div><\/div>\n\n\n\n<div class=\"wp-block-media-text alignwide has-media-on-the-right is-stacked-on-mobile\" style=\"grid-template-columns:auto 26%\"><figure class=\"wp-block-media-text__media\"><img decoding=\"async\" loading=\"lazy\" width=\"300\" height=\"302\" src=\"https:\/\/i0.wp.com\/unfe.frwp-content\/uploads\/2021\/04\/LFA-GLARIA1.jpg?resize=300%2C302&#038;ssl=1\" alt=\"\" class=\"wp-image-6738\" srcset=\"https:\/\/i0.wp.com\/unfe.fr\/wp-content\/uploads\/2021\/04\/LFA-GLARIA1.jpg?w=300 300w, https:\/\/i0.wp.com\/unfe.fr\/wp-content\/uploads\/2021\/04\/LFA-GLARIA1.jpg?resize=298%2C300 298w, https:\/\/i0.wp.com\/unfe.fr\/wp-content\/uploads\/2021\/04\/LFA-GLARIA1.jpg?resize=200%2C200 200w\" sizes=\"(max-width: 300px) 100vw, 300px\" data-recalc-dims=\"1\" \/><\/figure><div class=\"wp-block-media-text__content\">\n<p style=\"font-size:14px\"><span style=\"text-decoration: underline;\"><strong><span style=\"color:#1962d1\" class=\"has-inline-color\">Guy GLARIA<\/span><\/strong><\/span><br>Mr Guy GLARIA, ancien Pr\u00e9sident du District du Gers (Ligue d&#8217;Occitanie), souhaite associer tous les acteurs du football au projet f\u00e9d\u00e9ral et adapter l\u2019offre de pratique du Football Diversifi\u00e9. Concernant le Football Entreprise, il souhaite relancer le groupe de travail et s\u2019appuyer sur le plan d\u2019actions propos\u00e9 par l\u2019UNFE soit&nbsp;:<br><span style=\"color:#1962d1\" class=\"has-inline-color\">&#8211; <strong>Mettre en place un Plan de d\u00e9veloppement du football en entreprise,<br>&#8211; R\u00e9activer le groupe de r\u00e9f\u00e9rents des Ligues,<br>&#8211; Instaurer une communication en direction des entreprises, des Chambres de commerce, des Administrations\u2026,<br>&#8211; Int\u00e9grer un repr\u00e9sentant du FE dans la Commission F\u00e9d\u00e9rale de d\u00e9veloppement des nouvelles pratiques de la FFF&nbsp;;<br>&#8211; Initier et d\u00e9velopper des actions de f\u00e9minisation.<\/strong><\/span><br>Guy GLARIA, originaire du Gers, a \u00e9t\u00e9 joueur, entra\u00eeneur et Pr\u00e9sident du club gersois du SC Auch. Il \u00e9tait, jusqu\u2019en 2020, vice-Pr\u00e9sident de l\u2019ANPDF (Association Nationale des Pr\u00e9sidents de Districts de Football)<\/p>\n<\/div><\/div>\n\n\n\n<hr class=\"wp-block-separator\"\/>\n\n\n\n<p><em>Concernant le groupe de travail LFA\/UNFE, \u00e9voqu\u00e9 ci-dessus, il avait \u00e9t\u00e9 mis en place \u00e0 la demande de l\u2019UNFE en 2017. Force est de constater que si nous avons \u00e9t\u00e9 entendus \u00e0 plusieurs reprises par l\u2019\u00e9quipe alors en place \u00e0 la LFA, nous n\u2019avons que tr\u00e8s peu \u00e9t\u00e9 \u00e9cout\u00e9s, nombre de nos questions \u00e9tant rest\u00e9es sans r\u00e9ponse. De plus, cette structure pourtant prometteuse n&#8217;a jamais \u00e9t\u00e9 r\u00e9ellement activ\u00e9e ni l\u00e9gitim\u00e9e ni, surtout, accompagn\u00e9e d&#8217;explications envers les Ligues r\u00e9gionales.<\/em><\/p>\n\n\n\n<div class=\"wp-block-image is-style-rounded\"><figure class=\"aligncenter size-large is-resized\"><img decoding=\"async\" loading=\"lazy\" src=\"https:\/\/i0.wp.com\/unfe.frwp-content\/uploads\/2021\/04\/lfa-lutte.jpg?resize=459%2C311&#038;ssl=1\" alt=\"\" class=\"wp-image-6740\" width=\"459\" height=\"311\" srcset=\"https:\/\/i0.wp.com\/unfe.fr\/wp-content\/uploads\/2021\/04\/lfa-lutte.jpg?w=626 626w, https:\/\/i0.wp.com\/unfe.fr\/wp-content\/uploads\/2021\/04\/lfa-lutte.jpg?resize=300%2C204 300w\" sizes=\"(max-width: 459px) 100vw, 459px\" data-recalc-dims=\"1\" \/><\/figure><\/div>\n\n\n\n<p>L\u2019UNFE demandera audience au nouveau Pr\u00e9sident d\u00e8s sa prise de fonction et jugera ensuite sur pi\u00e8ces si les annonces du programme du candidat devenu Pr\u00e9sident, se concr\u00e9tisent.<br>A noter que c\u2019est la premi\u00e8re fois, lors de cette \u00e9lection, que les programmes des candidats mentionnent clairement l\u2019int\u00e9r\u00eat du Football Entreprise avec des axes de d\u00e9veloppement identifi\u00e9s.<\/p>\n\n\n\n<blockquote class=\"wp-block-quote\"><p><strong>La cr\u00e9dibilit\u00e9 du nouveau Pr\u00e9sident du football amateur d\u00e9pendra de sa volont\u00e9 \u00e0 r\u00e9aliser ce qu\u2019il aura annonc\u00e9 publiquement.<\/strong><\/p><\/blockquote>\n\n\n\n<p>Il est \u00e9galement tr\u00e8s int\u00e9ressant et prometteur de constater que Mr Jamel SANDJAK, r\u00e9cemment \u00e9lu et int\u00e9gr\u00e9 au COMEX de la FFF, sera charg\u00e9 du Football amateur et du&nbsp; lien entre le COMEX et le BELFA (Bureau Ex\u00e9cutif de la LFA), un lien \u00e0 tisser et consolider. Mr Jamel SANDJAK est aussi Pr\u00e9sident de la Ligue de Paris Ile de France, une Ligue tr\u00e8s proactive pour le Football Entreprise. <\/p>\n\n\n\n<p>Vous pouvez donc d\u00e8s \u00e0 pr\u00e9sent vous faire une id\u00e9e, \u00e0 l\u2019appui de ces quelques \u00e9l\u00e9ments et extraits, m\u00eame si, comme pour la r\u00e9cente \u00e9lection \u00e0 la FFF, vous ne voterez toujours pas pour celui qui va pourtant prendre en charge votre destin\u00e9e de joueur ou de dirigeant ou de club. A regret&nbsp;!<\/p>\n\n\n\n<p>Esp\u00e9rons que la nouvelle \u00e9quipe \u00e9lue au soir du 30 Avril montrera <strong>une r\u00e9elle \u00e9coute<\/strong>.<br>C\u2019est ce que le foot amateur attend dans son ensemble.<br>Avec plus de 200&nbsp;000 licenci\u00e9s perdus par la FFF, le simple mais hautement significatif chiffre de 4.5 millions d\u2019entreprises en France devrait suffire \u00e0 g\u00e9n\u00e9rer cette \u00e9coute et une prise de conscience des instances les plus hautes sur l\u2019int\u00e9r\u00eat du Foot dans les entreprises.<br>Sinon, c\u2019est \u00e0 ne rien y comprendre&nbsp;!<\/p>\n\n\n\n<p><strong>Mr le Pr\u00e9sident, on compte sur vous&nbsp;!<\/strong><\/p>\n","protected":false},"excerpt":{"rendered":"<p>Le Football Entreprise note les promesses mais attend du concret L\u2019Election du nouveau Pr\u00e9sident de la LFA (Ligue de Football Amateur) aura lieu le 30 Avril. Le Foot amateur est scl\u00e9ros\u00e9, en souffrance, et demande une \u00e9vidente remise en question, une attention soutenue et une \u00e9coute sinc\u00e8re et vitale. Le Football Entreprise ne fait pas [&hellip;]<\/p>\n","protected":false},"author":3,"featured_media":0,"comment_status":"open","ping_status":"closed","sticky":false,"template":"","format":"standard","meta":{"_monsterinsights_skip_tracking":false,"_monsterinsights_sitenote_active":false,"_monsterinsights_sitenote_note":"","_monsterinsights_sitenote_category":0,"footnotes":""},"categories":[11,13],"tags":[],"jetpack_sharing_enabled":true,"jetpack_featured_media_url":"","_links":{"self":[{"href":"http:\/\/unfe.fr\/index.php?rest_route=\/wp\/v2\/posts\/6733"}],"collection":[{"href":"http:\/\/unfe.fr\/index.php?rest_route=\/wp\/v2\/posts"}],"about":[{"href":"http:\/\/unfe.fr\/index.php?rest_route=\/wp\/v2\/types\/post"}],"author":[{"embeddable":true,"href":"http:\/\/unfe.fr\/index.php?rest_route=\/wp\/v2\/users\/3"}],"replies":[{"embeddable":true,"href":"http:\/\/unfe.fr\/index.php?rest_route=%2Fwp%2Fv2%2Fcomments&post=6733"}],"version-history":[{"count":9,"href":"http:\/\/unfe.fr\/index.php?rest_route=\/wp\/v2\/posts\/6733\/revisions"}],"predecessor-version":[{"id":6747,"href":"http:\/\/unfe.fr\/index.php?rest_route=\/wp\/v2\/posts\/6733\/revisions\/6747"}],"wp:attachment":[{"href":"http:\/\/unfe.fr\/index.php?rest_route=%2Fwp%2Fv2%2Fmedia&parent=6733"}],"wp:term":[{"taxonomy":"category","embeddable":true,"href":"http:\/\/unfe.fr\/index.php?rest_route=%2Fwp%2Fv2%2Fcategories&post=6733"},{"taxonomy":"post_tag","embeddable":true,"href":"http:\/\/unfe.fr\/index.php?rest_route=%2Fwp%2Fv2%2Ftags&post=6733"}],"curies":[{"name":"wp","href":"https:\/\/api.w.org\/{rel}","templated":true}]}}