{"id":6945,"date":"2021-09-05T11:25:03","date_gmt":"2021-09-05T09:25:03","guid":{"rendered":"http:\/\/unfe.fr\/?p=6945"},"modified":"2021-09-07T22:36:02","modified_gmt":"2021-09-07T20:36:02","slug":"la-rencontre-jamel-sandjak","status":"publish","type":"post","link":"http:\/\/unfe.fr\/?p=6945","title":{"rendered":"La RENCONTRE &#8211; Jamel SANDJAK"},"content":{"rendered":"\n<h2 class=\"wp-block-heading\">J\u2019ai grandi, je me suis construit au sein de ce football amateur<\/h2>\n\n\n\n<p>Nous avons eu le plaisir d\u2019\u00e9changer avec Jamel Sandjak, Membre du Comit\u00e9 Ex\u00e9cutif de la FFF et Pr\u00e9sident de la Ligue de Paris Ile de France<\/p>\n\n\n\n<div class=\"wp-block-media-text alignwide has-background is-stacked-on-mobile\" style=\"background-color:#ffffff;grid-template-columns:33% auto\"><figure class=\"wp-block-media-text__media\"><img decoding=\"async\" src=\"https:\/\/i0.wp.com\/unfe.frwp-content\/uploads\/2021\/08\/jsentete-1-1024x698.jpg?resize=1024%2C698&#038;ssl=1\" alt=\"\" class=\"wp-image-6957\" data-recalc-dims=\"1\"\/><\/figure><div class=\"wp-block-media-text__content\">\n<blockquote class=\"wp-block-quote\"><p>R\u00e9cemment \u00e9lu au sein du COMEX de la FFF, Jamel Sandjak est charg\u00e9 du football amateur mais aussi du lien entre le COMEX et le BELFA (Bureau Ex\u00e9cutif de la Ligue du Football Amateur)<\/p><\/blockquote>\n<\/div><\/div>\n\n\n\n<p>Le Pr\u00e9sident de la Ligue de Paris IDF est \u00e9galement vice-Pr\u00e9sident du CROSIF (Comit\u00e9 R\u00e9gional Olympique et Sportif Ile de France) dans lequel il est en charge de l\u2019<strong>\u00e9ducation<\/strong> et de la <strong>citoyennet\u00e9<\/strong>&nbsp;: deux mots qui constituent en grande partie son fil conducteur depuis qu\u2019il a int\u00e9gr\u00e9 le monde du football, il y a plus de 40 ans. Sa conviction est que le mouvement sportif amateur est l\u2019un des principaux artisans de la coh\u00e9sion nationale. Il appelle \u00e0 mieux exploiter ce formidable laboratoire qu\u2019est le sport amateur et en particulier le football amateur.<\/p>\n\n\n\n<p>Simple co\u00efncidence&nbsp;: sa famille \u00e9tait pr\u00e9destin\u00e9e pour vivre et respirer le football&nbsp;: 11 \u00e0 la maison dont &nbsp;3 s\u0153urs, soit une \u00e9quipe compl\u00e8te. D\u2019ailleurs, le chiffre 11 est un chiffre qui l\u2019a suivi&nbsp;: 11 mont\u00e9es en 14 saisons au sein de son club de c\u0153ur, l\u2019Olympique Noisy-le-Sec. Chez les Sandjak, on sait ce que le travail, le collectif et la progression veulent dire.<br>Les clubs, joueurs, dirigeants b\u00e9n\u00e9voles du Football Entreprise, mais pas que, fondent beaucoup d\u2019espoirs sur sa force de conviction pour faire remonter leurs id\u00e9es et celles de l\u2019UNFE au plus haut niveau. L\u2019ensemble du Football amateur compte sur lui&nbsp;!<\/p>\n\n\n\n<hr class=\"wp-block-separator\"\/>\n\n\n\n<blockquote class=\"wp-block-quote\"><p><span class=\"has-inline-color has-very-dark-gray-color\"><strong>Pr\u00e9sident, dans le journal Le Monde, dat\u00e9 du 26 Mars dernier, vous avez d\u00e9clar\u00e9\u00a0:<\/strong> <br><strong><em>\u2019\u2019Le mouvement sportif amateur est l\u2019un des principaux artisans de la coh\u00e9sion nationale. Il r\u00e9ussit chaque jour, avec peu de moyens et encore moins de consid\u00e9ration, \u00e0 remplir le r\u00f4le implicite d\u2019int\u00e9grateur r\u00e9publicain pour nos enfants que lui confie la collectivit\u00e9.<\/em>\u2019\u2019 <\/strong><br><strong>Nous supposons que pour vous les \u00e9ducateurs y jouent eux aussi un r\u00f4le essentiel ?<\/strong><\/span><\/p><\/blockquote>\n\n\n\n<p>JS: Les \u00e9ducateurs sont en effet \u00e0 la base de cet \u00e9difice que constitue ce mouvement sportif amateur dont j\u2019\u00e9voque toutes les vertus dans cet article. C\u2019est une position que je d\u00e9fends depuis des d\u00e9cennies de par mon exp\u00e9rience en club en tant que joueur, \u00e9ducateur et dirigeant. L\u2019\u00e9ducatrice et l\u2019\u00e9ducateur ce sont les femmes et les hommes dont vous vous rappelez bien des ann\u00e9es apr\u00e8s. Ce sont eux qui vous ont marqu\u00e9 bien plus qu\u2019un dirigeant ou m\u00eame qu\u2019un co\u00e9quipier. Vous n\u2019avez pas oubli\u00e9 toute l\u2019attention, tous les pr\u00e9cieux conseils, tout le d\u00e9vouement qu\u2019ils ont eu \u00e0 votre \u00e9gard. Avec vos parents, vos professeurs, ils ont forg\u00e9 votre \u00e9ducation. Et c\u2019est en cela que je clame encore aujourd\u2019hui l\u2019importance de ce mouvement sportif qui maintient partout une coh\u00e9sion nationale, mise \u00e0 mal, malgr\u00e9 le peu de moyens et de consid\u00e9ration.<br>Aujourd\u2019hui \u00e0 la FFF, je veux me battre pour la valorisation de ce mouvement sportif amateur. &nbsp;<\/p>\n\n\n\n<figure class=\"wp-block-image size-large\"><img decoding=\"async\" loading=\"lazy\" width=\"609\" height=\"382\" src=\"https:\/\/i0.wp.com\/unfe.frwp-content\/uploads\/2021\/08\/SIGNATURE-CONVENTION-uceff-1.jpg?resize=609%2C382&#038;ssl=1\" alt=\"\" class=\"wp-image-6969\" srcset=\"https:\/\/i0.wp.com\/unfe.fr\/wp-content\/uploads\/2021\/08\/SIGNATURE-CONVENTION-uceff-1.jpg?w=609 609w, https:\/\/i0.wp.com\/unfe.fr\/wp-content\/uploads\/2021\/08\/SIGNATURE-CONVENTION-uceff-1.jpg?resize=300%2C188 300w\" sizes=\"(max-width: 609px) 100vw, 609px\" data-recalc-dims=\"1\" \/><figcaption><strong><span class=\"has-inline-color has-cyan-bluish-gray-color\">Jamel SANDJAK avec Alain MERVEILLIE et G\u00e9rard JACQUES <\/span><\/strong><\/figcaption><\/figure>\n\n\n\n<blockquote class=\"wp-block-quote\"><p><span class=\"has-inline-color has-very-dark-gray-color\"><strong>Les dirigeants b\u00e9n\u00e9voles sont bien s\u00fbr partie int\u00e9grante de ce mouvement. La plupart d\u2019entre eux \u0153uvrent dans l\u2019ombre, \u00e0 ce titre vous avez clairement exprim\u00e9 dans l\u2019article \u00e9voqu\u00e9 pr\u00e9c\u00e9demment l\u2019imp\u00e9rieuse n\u00e9cessit\u00e9 de leur accorder une meilleure reconnaissance et un focus plus prononc\u00e9 sur les r\u00f4les qu\u2019ils assument.<\/strong> <strong>Comment y parvenir ou au moins comment aller en ce sens\u00a0?<\/strong><\/span><\/p><\/blockquote>\n\n\n\n<p>JS: Je pense que cela passe, comme nous l\u2019\u00e9voquons depuis des ann\u00e9es d\u00e9j\u00e0, par un statut clair, d\u00e9fini du b\u00e9n\u00e9vole qui ne peut plus, qui ne doit plus \u00eatre livr\u00e9 \u00e0 lui-m\u00eame. Il est de plus en plus rare dans nos clubs et reste cependant un maillon essentiel dans un contexte o\u00f9 m\u00eame les clubs amateurs se professionnalisent et c\u2019est une bonne chose. Le temps o\u00f9 le b\u00e9n\u00e9vole d\u00e9pensait son argent pour s\u2019occuper des gamins est r\u00e9volu.<\/p>\n\n\n\n<figure class=\"wp-block-image\"><img decoding=\"async\" loading=\"lazy\" width=\"657\" height=\"440\" src=\"https:\/\/i0.wp.com\/unfe.frwp-content\/uploads\/2021\/08\/FC-NIKE-AS-ORANGE-MAI-2017-1.jpg?resize=657%2C440&#038;ssl=1\" alt=\"\" class=\"wp-image-6971\" srcset=\"https:\/\/i0.wp.com\/unfe.fr\/wp-content\/uploads\/2021\/08\/FC-NIKE-AS-ORANGE-MAI-2017-1.jpg?w=657 657w, https:\/\/i0.wp.com\/unfe.fr\/wp-content\/uploads\/2021\/08\/FC-NIKE-AS-ORANGE-MAI-2017-1.jpg?resize=300%2C201 300w\" sizes=\"(max-width: 657px) 100vw, 657px\" data-recalc-dims=\"1\" \/><\/figure>\n\n\n\n<p>Nous devons lui donner les moyens de son action. La passion ne suffit plus toujours m\u00eame si elle reste un \u00e9l\u00e9ment moteur dans notre football. Nous devons aussi le former afin qu\u2019il acqui\u00e8re \u00e9galement des comp\u00e9tences qui pourront lui servir par ailleurs. C\u2019est du gagnant-gagnant. Il participe par son implication, ses connaissances et en donnant de son temps \u00e0 l\u2019\u00e9volution et \u00e0 la vie du club. Et en retour il doit \u00eatre reconnu, valoris\u00e9 et surtout doit retirer, lui aussi, des b\u00e9n\u00e9fices de cette implication. &nbsp;&nbsp;&nbsp;&nbsp;&nbsp;<\/p>\n\n\n\n<blockquote class=\"wp-block-quote\"><p><strong>Et pour vous, &#8221;le b\u00e9n\u00e9vole&#8221; en trois mots, c&#8217;est qui ?<\/strong><\/p><\/blockquote>\n\n\n\n<p>JS: Un passionn\u00e9, une personne de confiance et un facilitateur.<\/p>\n\n\n\n<blockquote class=\"wp-block-quote\"><p><strong><span class=\"has-inline-color has-very-dark-gray-color\">Avec cette pand\u00e9mie, le recours au t\u00e9l\u00e9travail a explos\u00e9 dans les entreprises. De nombreux d\u00e9cideurs, les DRH notamment, estiment pourtant qu\u2019il y a des limites lorsqu\u2019on assume une activit\u00e9 professionnelle majoritairement en distanciel, ce mode de fonctionnement pouvant alt\u00e9rer, voire nuire \u00e0 la coh\u00e9sion sociale. Le sport collectif et plus particuli\u00e8rement le football peuvent-ils, d\u2019apr\u00e8s vous, contribuer \u00e0 retisser du lien au sein des entreprises ?<\/span><\/strong><\/p><\/blockquote>\n\n\n\n<p>JS: Le club et l\u2019entreprise sont deux entit\u00e9s qui, \u00e0 bien des \u00e9gards, se ressemblent. Et c\u2019est pour cela que je suis persuad\u00e9 que le sport en entreprise a, non seulement toute sa place, mais est aussi porteur de valeurs favorisant la coh\u00e9sion au sein d\u2019un groupe. La pratique d\u2019un sport au sein d\u2019une entreprise ne peut \u00eatre que b\u00e9n\u00e9fique avec un ph\u00e9nom\u00e8ne d\u2019identification \u00e0 des couleurs, comme on s\u2019identifie \u00e0 son entreprise. Cela ne peut que renforcer les \u00e9quipes d\u2019autant plus, comme vous le soulignez, dans ce contexte sanitaire o\u00f9 le distanciel a ses limites.<\/p>\n\n\n\n<p>Avant la survenue de cette pand\u00e9mie, nous voyions se d\u00e9velopper dans les entreprises des pratiques sportives individuelles. C\u2019est une bonne chose car le sport ne peut \u00eatre que b\u00e9n\u00e9fique. Mais je crois aussi que la pratique collective a des vertus suppl\u00e9mentaires car elle d\u00e9veloppe cette notion d\u2019entraide, de solidarit\u00e9, de performance de groupe qui est tr\u00e8s utile aussi en entreprise.<\/p>\n\n\n\n<blockquote class=\"wp-block-quote\"><p><strong><span class=\"has-inline-color has-very-dark-gray-color\">Compte-tenu de la baisse tr\u00e8s significative des licenci\u00e9s pensez-vous que cet axe de d\u00e9veloppement peut se r\u00e9v\u00e9ler \u00e0 terme une piste int\u00e9ressante \u00e0 exploiter pour et par la FFF ?<\/span><\/strong><\/p><\/blockquote>\n\n\n\n<p>JS: C\u2019est un axe effectivement qui doit s\u2019inscrire dans une politique g\u00e9n\u00e9rale de d\u00e9veloppement ou chacun a sa place et o\u00f9 tout le monde doit pouvoir pratiquer le football \u00e0 la mesure de son talent, de ses besoins et de ses aspirations. Le football a cet atout incroyable de la simplicit\u00e9 et de l\u2019universalit\u00e9 qui permet de le pratiquer n\u2019importe o\u00f9, n\u2019importe quand, et avec qui on le souhaite. &nbsp;<\/p>\n\n\n\n<div class=\"wp-block-image\"><figure class=\"alignleft is-resized\"><img decoding=\"async\" loading=\"lazy\" src=\"https:\/\/i0.wp.com\/unfe.frwp-content\/uploads\/2021\/01\/Image-Bodmer.jpeg?resize=192%2C257&#038;ssl=1\" alt=\"\" class=\"wp-image-6485\" width=\"192\" height=\"257\" srcset=\"https:\/\/i0.wp.com\/unfe.fr\/wp-content\/uploads\/2021\/01\/Image-Bodmer.jpeg?w=768 768w, https:\/\/i0.wp.com\/unfe.fr\/wp-content\/uploads\/2021\/01\/Image-Bodmer.jpeg?resize=225%2C300 225w\" sizes=\"(max-width: 192px) 100vw, 192px\" data-recalc-dims=\"1\" \/><\/figure><\/div>\n\n\n\n<blockquote class=\"wp-block-quote\"><p><strong>Une question de Mathieu Bodmer, un des deux parrains du Football Entreprise avec Nicolas Douchez\u00a0:<span class=\"has-inline-color has-very-dark-gray-color\"> \u2019\u2019<em>On<\/em><\/span><span style=\"color:#1962d1\" class=\"has-inline-color\"><em> <\/em><\/span><em><span class=\"has-inline-color has-very-dark-gray-color\">remarque depuis quelques saisons que des joueurs professionnels (Jaroslav Plasil, Rio Mavuba, Matthieu Chalm\u00e9, Sydney Govou, Cyril Th\u00e9r\u00e9au\u2026) rejoignent le football Entreprise car ils y trouvent un cadre agr\u00e9able pour continuer \u00e0 pratiquer leur passion dans un cadre convivial et avec un niveau de jeu qui les surprend souvent.<br>Pensez-vous que ces joueurs, au regard de leur v\u00e9cu, peuvent contribuer \u00e0 donner de la visibilit\u00e9 au football dans sa d\u00e9clinaison au sein des entreprises ?&#8221;\u00a0<\/span><\/em><\/strong><\/p><\/blockquote>\n\n\n\n<p>JS: C\u2019est un plus ind\u00e9niable que des joueurs de ce calibre rejoignent le Foot Entreprise et s\u2019y impliquent en devenant m\u00eame des parrains de la pratique. Mais je me souviens aussi qu\u2019il y a 20 ans d\u00e9j\u00e0 d\u2019anciens grands joueurs de football, qui avaient \u00e9volu\u00e9 en professionnel, avaient int\u00e9gr\u00e9 aussi le Foot Entreprise. Je crois que ce Foot Entreprise est porteur de valeurs qui peuvent effectivement constituer un r\u00e9el attrait pour des footballeurs qui sont aussi des anciens internationaux. Ils continuent \u00e0 exercer leur passion qui a guid\u00e9, jusqu\u2019ici, toute leur vie. Et dans un contexte o\u00f9 la convivialit\u00e9, le plaisir de jouer et surtout de se retrouver a toujours \u00e9t\u00e9 un moteur. Mais attention car comme vous le dites le Football Entreprise est aussi tr\u00e8s comp\u00e9titif. Nous y retrouvons un niveau de jeu tr\u00e8s \u00e9lev\u00e9 qui permet d\u2019allier effectivement cette comp\u00e9titivit\u00e9 au plaisir. Soit un compromis id\u00e9al pour ces anciens joueurs pros mais aussi pour les autres. En cela le Foot Entreprise est particuli\u00e8rement attractif. &nbsp;&nbsp;&nbsp;<\/p>\n\n\n\n<blockquote class=\"wp-block-quote\"><p><span class=\"has-inline-color has-very-dark-gray-color\"><strong>La f\u00e9minisation du football progresse et c\u2019est une bonne chose. Vous soutenez le football f\u00e9minin et de fa\u00e7on \u00e9galement tr\u00e8s concr\u00e8te le football entreprise, nous avons pu le mesurer.<\/strong> <strong>Ce double soutien peut-il, d\u2019apr\u00e8s-vous, favoriser le d\u00e9veloppement du football au sein des entreprises et cela sous diff\u00e9rentes formes ?<\/strong><\/span><\/p><\/blockquote>\n\n\n\n<div class=\"wp-block-image\"><figure class=\"alignright size-large is-resized\"><img decoding=\"async\" loading=\"lazy\" src=\"https:\/\/i0.wp.com\/unfe.frwp-content\/uploads\/2021\/08\/tirage-cn-fe.jpg?resize=260%2C202&#038;ssl=1\" alt=\"\" class=\"wp-image-6950\" width=\"260\" height=\"202\" srcset=\"https:\/\/i0.wp.com\/unfe.fr\/wp-content\/uploads\/2021\/08\/tirage-cn-fe.jpg?w=490 490w, https:\/\/i0.wp.com\/unfe.fr\/wp-content\/uploads\/2021\/08\/tirage-cn-fe.jpg?resize=300%2C233 300w\" sizes=\"(max-width: 260px) 100vw, 260px\" data-recalc-dims=\"1\" \/><figcaption><strong><span class=\"has-inline-color has-cyan-bluish-gray-color\">Tirage Coupe nationale Football Entreprise<\/span><\/strong><\/figcaption><\/figure><\/div>\n\n\n\n<p>JS: Depuis mon arriv\u00e9e en 2013 \u00e0 la t\u00eate de la Ligue je n\u2019ai eu de cesse de donner \u00e0 chacun une accessibilit\u00e9 maximale \u00e0 ce sport merveilleux qu\u2019est le football. Tout le monde doit avoir la chance de pratiquer le football dans les meilleures conditions. Et c\u2019est vrai que nous avons entrepris et mis en place une politique de d\u00e9veloppement ambitieuse notamment pour le football f\u00e9minin. A la Ligue de Paris Ile-de-France de Football nous avons \u00e9t\u00e9 novateurs, pr\u00e9curseurs. D\u00e8s les premi\u00e8res semaines nous avons lanc\u00e9 l\u2019op\u00e9ration \u00ab&nbsp;Le football f\u00e9minin, c\u2019est d\u00e9j\u00e0 un but&nbsp;\u00bb qui perdure et qui prend chaque ann\u00e9e plus d\u2019ampleur. Alors que le football masculin \u00e9tait c\u00e9l\u00e9br\u00e9 lors de l\u2019Euro 2016 en France, nous avons pris le contre-pied de cr\u00e9er \u00e0 Paris la \u00ab&nbsp;Paris Europ\u00e9an Cup&nbsp;\u00bb, un grand tournoi f\u00e9minin europ\u00e9en qui a eu un grand succ\u00e8s avec des finales \u00e0 Paris \u00e9blouissantes sur le Champ de Mars. Nous avons renouvel\u00e9 l\u2019exp\u00e9rience avec la \u00ab&nbsp;Paris Ladies Cup&nbsp;\u00bb en pr\u00e9ambule de la Coupe du Monde F\u00e9minine en France en 2019.<\/p>\n\n\n\n<div class=\"wp-block-image\"><figure class=\"alignleft is-resized\"><img decoding=\"async\" loading=\"lazy\" src=\"https:\/\/i0.wp.com\/unfe.frwp-content\/uploads\/2021\/08\/fais.jpg?resize=170%2C239&#038;ssl=1\" alt=\"\" class=\"wp-image-6974\" width=\"170\" height=\"239\" srcset=\"https:\/\/i0.wp.com\/unfe.fr\/wp-content\/uploads\/2021\/08\/fais.jpg?w=246 246w, https:\/\/i0.wp.com\/unfe.fr\/wp-content\/uploads\/2021\/08\/fais.jpg?resize=213%2C300 213w\" sizes=\"(max-width: 170px) 100vw, 170px\" data-recalc-dims=\"1\" \/><\/figure><\/div>\n\n\n\n<p>L\u2019op\u00e9ration \u00ab&nbsp;<strong>Fais briller ton quartier<\/strong>&nbsp;\u00bb a permis aussi d\u2019aller \u00e0 la rencontre des jeunes filles non licenci\u00e9es afin de leur donner l\u2019envie d\u2019int\u00e9grer un club. Nous avons \u00e9galement mis \u00e0 l\u2019honneur l\u2019ensemble du football f\u00e9minin en r\u00e9unissant les actrices de ce football lors de la soir\u00e9e des b\u00e2tisseuses et dans un grand colloque organis\u00e9 au S\u00e9nat en pr\u00e9sence de grandes personnalit\u00e9s du sport et de la politique. Mais ce que nous faisons pour le football f\u00e9minin, nous le faisons aussi pour le Futsal avec l\u2019op\u00e9ration \u00ab&nbsp;Topfutsal&nbsp;\u00bb et aussi pour le Foot Entreprise qui a toujours \u00e9t\u00e9 aussi au centre de nos pr\u00e9occupations comme nous le prouvons en cr\u00e9ant au sein de la Ligue un p\u00f4le d\u00e9veloppement et promotion du foot en entreprise.<\/p>\n\n\n\n<blockquote class=\"wp-block-quote\"><p><span class=\"has-inline-color has-very-dark-gray-color\"><strong>Sur proposition de l\u2019UCEFF et appui de l&#8217;UNFE, la ligue Paris Ile de France vient donc de valider la mise en place de ce p\u00f4le d\u00e9veloppement et promotion du foot en entreprise au sein de la Commission R\u00e9gionale FE.<\/strong><br><strong>En qualit\u00e9 de pr\u00e9sident de la LPIFF quelles sont les raisons qui vous ont amen\u00e9 \u00e0 valider ce projet\u00a0?<\/strong><\/span><\/p><\/blockquote>\n\n\n\n<p>JS: Comme je l\u2019ai dit tous les axes de d\u00e9veloppement du football doivent \u00eatre consid\u00e9r\u00e9s. Et la Ligue de Paris Ile-de-France de Football a une r\u00e9elle l\u00e9gitimit\u00e9 pour \u00eatre la locomotive du d\u00e9veloppement du Foot Entreprise. D\u2019abord il est bon de rappeler que l\u2019un des \u00e9minents pr\u00e9sidents de la Ligue, Jean Verbeke, \u00e9tait issu de ce Foot Entreprise. Nous avons cette culture historique. Et puis les clubs franciliens, par leurs fantastiques r\u00e9sultats, ont port\u00e9 haut l\u2019\u00e9tendard de ce Foot Entreprise dans toute la France. Il est plut\u00f4t logique \u00e9galement que la r\u00e9gion francilienne, qui a sur son territoire de nombreuses tr\u00e8s grandes entreprises, soit moteur dans ce domaine.<\/p>\n\n\n\n<figure class=\"wp-block-image\"><img decoding=\"async\" loading=\"lazy\" width=\"923\" height=\"593\" src=\"https:\/\/i0.wp.com\/unfe.frwp-content\/uploads\/2021\/08\/JSMD3.jpg?resize=923%2C593&#038;ssl=1\" alt=\"\" class=\"wp-image-6953\" srcset=\"https:\/\/i0.wp.com\/unfe.fr\/wp-content\/uploads\/2021\/08\/JSMD3.jpg?w=923 923w, https:\/\/i0.wp.com\/unfe.fr\/wp-content\/uploads\/2021\/08\/JSMD3.jpg?resize=300%2C193 300w, https:\/\/i0.wp.com\/unfe.fr\/wp-content\/uploads\/2021\/08\/JSMD3.jpg?resize=768%2C493 768w\" sizes=\"(max-width: 923px) 100vw, 923px\" data-recalc-dims=\"1\" \/><\/figure>\n\n\n\n<blockquote class=\"wp-block-quote\"><p><strong>La cr\u00e9ation de ce p\u00f4le r\u00e9gional s\u2019inscrit dans l\u2019esprit d\u2019un plan national, tant souhait\u00e9 par l\u2019UNFE, ce plan devrait \u00eatre mis en place au sein de la LFA (Ligue de Football Amateur), nul doute que le p\u00f4le francilien aura valeur d\u2019exemple pour une r\u00e9plique dans d\u2019autres ligues, qu\u2019en pensez-vous&nbsp;?<\/strong><\/p><\/blockquote>\n\n\n\n<p>JS: La Ligue de Paris Ile-de-France de Football, de par sa position, est souvent une locomotive et nous nous f\u00e9licitons qu\u2019elle le soit encore. A titre personnel je me suis battu, depuis des ann\u00e9es au sein du giron f\u00e9d\u00e9ral, afin que le Foot Entreprise conserve toute la place qui doit \u00eatre la sienne dans notre football hexagonal. Je suis donc particuli\u00e8rement satisfait de&nbsp;la cr\u00e9ation et de l\u2019esprit de ce plan national&nbsp;conduit par des personnes comp\u00e9tentes au BELFA&nbsp;d\u2019autant plus qu\u2019aujourd\u2019hui, avec mes coll\u00e8gues et amis au COMEX de la FFF, nous serons nous aussi&nbsp;impliqu\u00e9s.<\/p>\n\n\n\n<blockquote class=\"wp-block-quote\"><p><strong>Membre du Comex de la FFF vos missions concernent essentiellement le monde amateur, au sens large du terme, la formation, les comp\u00e9titions, etc. Vous le savez, les clubs, les joueurs et les dirigeants fondent beaucoup d\u2019espoirs sur votre force de conviction pour d\u00e9fendre leurs int\u00e9r\u00eats, pouvez-vous nous pr\u00e9ciser vos visions pour mener \u00e0 bien cette mission tr\u00e8s d\u00e9licate, y compris pour le foot Entreprise&nbsp;?<\/strong><\/p><\/blockquote>\n\n\n\n<p>JS: C\u2019est tr\u00e8s simple, mon credo a toujours \u00e9t\u00e9 la d\u00e9fense du football amateur. J\u2019y ai consacr\u00e9 toute ma vie \u00e0 diff\u00e9rents postes. Je n\u2019ai jamais vari\u00e9 d\u2019un iota sur mes positions. J\u2019\u00e9tais parfois seul dans ce combat, parfois accompagn\u00e9. Je ne l\u2019ai pas fait par simple humanisme. Mais parce que je suis l\u2019exemple type de ce que ce mouvement sportif amateur, que nous \u00e9voquions en d\u00e9but d\u2019entretien, peut produire de positif. J\u2019ai grandi, je me suis construit au sein de ce football amateur. Et je me battrai jusqu\u2019au bout pour que d\u2019autres petites filles, d\u2019autres petits gar\u00e7ons, des adultes, des v\u00e9t\u00e9rans puissent b\u00e9n\u00e9ficier \u00e0 leur tour de tout ce que cela m\u2019a apport\u00e9.<\/p>\n\n\n\n<blockquote class=\"wp-block-quote is-style-large\"><p>Aujourd\u2019hui que je suis au c\u0153ur du syst\u00e8me et comptez sur moi pour porter encore plus toutes les pr\u00e9occupations et aider ce football amateur qui m\u2019a tant donn\u00e9 et dont je connais les vertus incomparables. &nbsp;&nbsp;&nbsp;<\/p><\/blockquote>\n\n\n\n<div class=\"wp-block-media-text alignwide has-media-on-the-right is-stacked-on-mobile\" style=\"grid-template-columns:auto 32%\"><figure class=\"wp-block-media-text__media\"><img decoding=\"async\" loading=\"lazy\" width=\"462\" height=\"486\" src=\"https:\/\/i0.wp.com\/unfe.frwp-content\/uploads\/2021\/08\/SANDJAK-MD1-1.jpg?resize=462%2C486&#038;ssl=1\" alt=\"\" class=\"wp-image-6962\" srcset=\"https:\/\/i0.wp.com\/unfe.fr\/wp-content\/uploads\/2021\/08\/SANDJAK-MD1-1.jpg?w=462 462w, https:\/\/i0.wp.com\/unfe.fr\/wp-content\/uploads\/2021\/08\/SANDJAK-MD1-1.jpg?resize=285%2C300 285w\" sizes=\"(max-width: 462px) 100vw, 462px\" data-recalc-dims=\"1\" \/><\/figure><div class=\"wp-block-media-text__content\">\n<p>Il nous reste, Pr\u00e9sident, \u00e0 vous remercier pour votre r\u00e9elle implication dans les actions qui sont en train de se mettre en place en faveur du football Entreprise. Il \u00e9tait sans doute dommage de laisser \u00ab&nbsp;en veille&nbsp;\u00bb cette pratique historique de la FFF, elle m\u00e9rite beaucoup mieux&nbsp;! <br><br>Rappelons que 2023 sera l\u2019ann\u00e9e du 100\u00e8me anniversaire de la Coupe Nationale Entreprise&nbsp;; nous souhaitons vivement pouvoir f\u00eater cet \u00e9v\u00e9nement \u00e0 sa juste mesure&nbsp;!<\/p>\n<\/div><\/div>\n\n\n\n<p><\/p>\n","protected":false},"excerpt":{"rendered":"<p>J\u2019ai grandi, je me suis construit au sein de ce football amateur Nous avons eu le plaisir d\u2019\u00e9changer avec Jamel Sandjak, Membre du Comit\u00e9 Ex\u00e9cutif de la FFF et Pr\u00e9sident de la Ligue de Paris Ile de France R\u00e9cemment \u00e9lu au sein du COMEX de la FFF, Jamel Sandjak est charg\u00e9 du football amateur mais [&hellip;]<\/p>\n","protected":false},"author":3,"featured_media":6952,"comment_status":"open","ping_status":"closed","sticky":false,"template":"","format":"standard","meta":{"_monsterinsights_skip_tracking":false,"_monsterinsights_sitenote_active":false,"_monsterinsights_sitenote_note":"","_monsterinsights_sitenote_category":0,"footnotes":""},"categories":[12,11],"tags":[],"jetpack_sharing_enabled":true,"jetpack_featured_media_url":"https:\/\/i0.wp.com\/unfe.fr\/wp-content\/uploads\/2021\/08\/JSMD2.jpg?fit=732%2C475","_links":{"self":[{"href":"http:\/\/unfe.fr\/index.php?rest_route=\/wp\/v2\/posts\/6945"}],"collection":[{"href":"http:\/\/unfe.fr\/index.php?rest_route=\/wp\/v2\/posts"}],"about":[{"href":"http:\/\/unfe.fr\/index.php?rest_route=\/wp\/v2\/types\/post"}],"author":[{"embeddable":true,"href":"http:\/\/unfe.fr\/index.php?rest_route=\/wp\/v2\/users\/3"}],"replies":[{"embeddable":true,"href":"http:\/\/unfe.fr\/index.php?rest_route=%2Fwp%2Fv2%2Fcomments&post=6945"}],"version-history":[{"count":34,"href":"http:\/\/unfe.fr\/index.php?rest_route=\/wp\/v2\/posts\/6945\/revisions"}],"predecessor-version":[{"id":6995,"href":"http:\/\/unfe.fr\/index.php?rest_route=\/wp\/v2\/posts\/6945\/revisions\/6995"}],"wp:featuredmedia":[{"embeddable":true,"href":"http:\/\/unfe.fr\/index.php?rest_route=\/wp\/v2\/media\/6952"}],"wp:attachment":[{"href":"http:\/\/unfe.fr\/index.php?rest_route=%2Fwp%2Fv2%2Fmedia&parent=6945"}],"wp:term":[{"taxonomy":"category","embeddable":true,"href":"http:\/\/unfe.fr\/index.php?rest_route=%2Fwp%2Fv2%2Fcategories&post=6945"},{"taxonomy":"post_tag","embeddable":true,"href":"http:\/\/unfe.fr\/index.php?rest_route=%2Fwp%2Fv2%2Ftags&post=6945"}],"curies":[{"name":"wp","href":"https:\/\/api.w.org\/{rel}","templated":true}]}}