{"id":7686,"date":"2021-12-16T00:08:00","date_gmt":"2021-12-15T23:08:00","guid":{"rendered":"http:\/\/unfe.fr\/?p=7686"},"modified":"2021-12-16T00:08:00","modified_gmt":"2021-12-15T23:08:00","slug":"assemblee-generale-de-lunfe-une-saison-fructueuse","status":"publish","type":"post","link":"http:\/\/unfe.fr\/?p=7686","title":{"rendered":"Assembl\u00e9e G\u00e9n\u00e9rale de l\u2019UNFE : une saison fructueuse"},"content":{"rendered":"\n<h2 class=\"wp-block-heading\"><\/h2>\n\n\n\n<h2 class=\"wp-block-heading\">NOS DIRIGEANTS INT\u00c8GRENT LES INSTANCES POUR FAIRE AVANCER LE FE<\/h2>\n\n\n\n<p><span class=\"has-inline-color has-vivid-cyan-blue-color\">L\u2019<strong>Assembl\u00e9e G\u00e9n\u00e9rale de l\u2019UNFE 2020\/2021 s\u2019est tenue le 13 D\u00e9cembre 2021 en visio-conf\u00e9rence. Des dirigeants de clubs repr\u00e9sentant huit Ligues r\u00e9gionales \u00e9taient pr\u00e9sents.<\/strong><br>N<\/span><strong><span class=\"has-inline-color has-vivid-cyan-blue-color\">ous vous proposons un r\u00e9sum\u00e9 de cette assembl\u00e9e sachant que les clubs adh\u00e9rents 2020\/2021 ont re\u00e7u le compte rendu complet. Les d\u00e9bats se sont av\u00e9r\u00e9s tr\u00e8s constructifs et en phase avec notre action globale et les premiers r\u00e9sultats obtenus. Il est \u00e9vident et nous nous en f\u00e9licitons que la prise de conscience est effective au niveau des instances nationales et r\u00e9gionales. Nous avons \u00e9galement \u00e0 l\u2019esprit qu\u2019il ne faut pas br\u00fbler les \u00e9tapes et que l\u2019offre de pratiques (loisir et comp\u00e9titive) qui sera propos\u00e9e aux entreprises, de toutes tailles, devra imp\u00e9rativement \u00eatre argument\u00e9e, plurielle et surtout attractive.<\/span>&nbsp;&nbsp;<\/strong>&nbsp;<\/p>\n\n\n\n<hr class=\"wp-block-separator\"\/>\n\n\n\n<p><strong><u><span class=\"has-inline-color has-vivid-cyan-blue-color\">Rapport moral<\/span><br><\/u><\/strong>En introduction de son rapport moral, Choukri ERRACHIDI a rendu hommage \u00e0 G\u00e9rard JACQUES, disparu en 2021, qui a \u00e9t\u00e9, en tant que Pr\u00e9sident de l\u2019UCEFF, \u00e0 l\u2019origine de la d\u00e9marche nationale et de l\u2019action en cours en faveur du d\u00e9veloppement du Football Entreprise.<br>Il est revenu sur la cr\u00e9ation tr\u00e8s importante de la <strong>Commission f\u00e9d\u00e9rale football sant\u00e9 et Entreprise<\/strong> compos\u00e9e de quatre membres du CA de l\u2019UNFE plus un dirigeant Pr\u00e9sident de club de FE (US METRO Paris). Cette nouvelle instance, qui comporte donc huit membres comprend aussi un pr\u00e9sident de Ligue (Hauts de France), un Pr\u00e9sident de District (Haute-Garonne) et un membre du BELFA. Elle a commenc\u00e9 \u00e0 se r\u00e9unir et r\u00e9fl\u00e9chir \u00e0 plusieurs axes de travail.<\/p>\n\n\n\n<p><strong><u><span class=\"has-inline-color has-vivid-cyan-blue-color\">Actions r\u00e9alis\u00e9es<\/span><br><\/u><\/strong>Les actions r\u00e9alis\u00e9es par l\u2019UNFE durant cette saison ont \u00e9t\u00e9 pr\u00e9sent\u00e9es et pour certaines d\u00e9taill\u00e9es comme, par exemple, les diff\u00e9rentes rencontres dont celle, tr\u00e8s encourageante, avec le nouveau Pr\u00e9sident de la LFA (Mr NOLORGUES) ou la mise en ligne d\u2019un&nbsp; nouvel outil \u00e0 l\u2019intention des clubs (\u2018<em>\u2019Comment b\u00e2tir un budget club<\/em>\u2019\u2019) ou \u00e9galement l\u2019int\u00e9gration porteuse et encourageante de dirigeants de l\u2019UNFE dans les instances r\u00e9gionales (Corse, Occitanie, Nouvelle Aquitaine, Normandie, Paris, M\u00e9diterran\u00e9e&#8230;etc)<br>A titre d\u2019exemple, la Ligue de Normandie \u00e0 l\u2019initiative d\u2019un membre de l\u2019UNFE (S\u00e9bastien DUMETZ) et avec le soutien appuy\u00e9 du Pr\u00e9sident de Ligue Mr LERESTEUX, a mis en place un groupe de travail regroupant les cinq Pr\u00e9sidents de districts et des dirigeants du FE en relation proche avec la Commission r\u00e9gionale de FE existante manag\u00e9e par Antoine LECHEVALIER.<\/p>\n\n\n\n<p><strong><u>Fixation des cotisations pour 2021\/2022<br><\/u><\/strong>Rappelons qu\u2019il est possible d\u2019adh\u00e9rer par CB uniquement via l\u2019application&nbsp; <span class=\"has-inline-color has-luminous-vivid-orange-color\"><strong><a href=\"https:\/\/www.helloasso.com\/associations\/unfe-union-nationale-du-football-entreprise\/adhesions\/adherez-a-l-unfe-saison-2021-22-1\">HelloAsso<\/a> <\/strong><\/span><\/p>\n\n\n\n<p><strong><u><span class=\"has-inline-color has-vivid-cyan-blue-color\">Tarif des cotisations<\/span><\/u><\/strong><br>&nbsp;&nbsp;&nbsp;&nbsp;&nbsp;&nbsp;&nbsp;&nbsp;&nbsp;&nbsp;&nbsp;&nbsp;&nbsp;&nbsp;&nbsp; &#8211; Moins de 60 adh\u00e9rents : 40 euros<br>&nbsp;&nbsp;&nbsp;&nbsp;&nbsp;&nbsp;&nbsp;&nbsp;&nbsp;&nbsp;&nbsp;&nbsp;&nbsp;&nbsp;&nbsp; &#8211; 60 adh\u00e9rents et plus : 80 euros<br>&nbsp;&nbsp;&nbsp;&nbsp;&nbsp;&nbsp;&nbsp;&nbsp;&nbsp;&nbsp;&nbsp;&nbsp;&nbsp;&nbsp;&nbsp; &#8211; Cotisation membre bienfaiteur : Libre<br>&#8211; Clubs d\u00e9j\u00e0 membres de l\u2019UCEFF : 1\/2 tarif<br>Pour adh\u00e9rer&nbsp;\u00e0 l\u2019UNFE: <a rel=\"noreferrer noopener\" href=\"https:\/\/unfe.fr?page_id=4497\" target=\"_blank\"><span class=\"has-inline-color has-luminous-vivid-orange-color\">https:\/\/unfe.fr?page_id=4497<\/span><\/a><\/p>\n\n\n\n<p><strong><span class=\"has-inline-color has-vivid-cyan-blue-color\"><span style=\"text-decoration: underline;\">Plan d\u2019actions 2021\/2022<\/span><\/span><br><\/strong>Nos actions et efforts se concentreront, entre autres, sur notre capacit\u00e9 \u00e0 convaincre et faire entendre nos propositions dans les diff\u00e9rentes instances et sur nos partenariats avec le Vrai Foot Day par SO FOOT, REMATCH et LE ROND CENTRAL<br>Pour nous aider \u00e0 augmenter la visibilit\u00e9 du Football Entreprise et faire conna\u00eetre positivement son impact et&nbsp; son int\u00e9r\u00eat, nous souhaitons solliciter tous les clubs FE en les invitant :<\/p>\n\n\n\n<ul><li><strong><em>Partager leurs (et nos) contenus<\/em><\/strong><\/li><li><strong><em>Utiliser l\u2019application gratuite REMATCH<\/em><\/strong><\/li><li><strong><em>A nous faire remonter leurs bonnes initiatives et leurs \u00e9v\u00e8nements<\/em><\/strong><\/li><li><strong><em>A sensibiliser et encourager leurs joueurs et dirigeants \u00e0 \u00eatre actifs dans le d\u00e9veloppement du FE&nbsp;<\/em><\/strong><\/li><li><strong><em>A faire conna\u00eetre notre action et \u00e0 soutenir et encourager notre campagne d\u2019adh\u00e9sion aupr\u00e8s des clubs autour d\u2019eux.<\/em><\/strong><br><br><strong><u><span class=\"has-inline-color has-vivid-cyan-blue-color\">Election de la liste du CA 2021\/2022<\/span><br><\/u>La liste des 15 candidats ci-dessus a \u00e9t\u00e9 valid\u00e9e \u00e0 l\u2019unanimit\u00e9.<br><\/strong>Neuf Ligues r\u00e9gionales sont d\u00e9sormais repr\u00e9sent\u00e9es. A noter aussi l&#8217;arriv\u00e9e de quatre nouveaux dirigeants.<\/li><\/ul>\n\n\n\n<figure class=\"wp-block-image size-full\"><img decoding=\"async\" loading=\"lazy\" width=\"927\" height=\"492\" src=\"https:\/\/i0.wp.com\/unfe.frwp-content\/uploads\/2021\/12\/PHOTO-AG-COMPO.jpg?resize=927%2C492&#038;ssl=1\" alt=\"\" class=\"wp-image-7688\" srcset=\"https:\/\/i0.wp.com\/unfe.fr\/wp-content\/uploads\/2021\/12\/PHOTO-AG-COMPO.jpg?w=927 927w, https:\/\/i0.wp.com\/unfe.fr\/wp-content\/uploads\/2021\/12\/PHOTO-AG-COMPO.jpg?resize=300%2C159 300w, https:\/\/i0.wp.com\/unfe.fr\/wp-content\/uploads\/2021\/12\/PHOTO-AG-COMPO.jpg?resize=768%2C408 768w\" sizes=\"(max-width: 927px) 100vw, 927px\" data-recalc-dims=\"1\" \/><\/figure>\n\n\n\n<p>De plus, Ali KASSEN (CACS &#8211; Normandie), Jacky BLANCARD (CH Clermont Ferrand &#8211; AURA) et Allan ASTIER (AS BNP Paribas &#8211; Paris IDF) apporteront leur soutien, les deux premiers cit\u00e9s au niveau de leur Ligue respective, le troisi\u00e8me au niveau national pour la communication.<br>Conform\u00e9ment aux statuts, et suite \u00e0 l\u2019AG, le nouveau Bureau sera prochainement constitu\u00e9 :<\/p>\n\n\n\n<p><strong><span class=\"has-inline-color has-vivid-cyan-blue-color\"><span style=\"text-decoration: underline;\">C<\/span><\/span><\/strong><span style=\"text-decoration: underline;\"><span class=\"has-inline-color has-vivid-cyan-blue-color\">ommunication<\/span><\/span><br>Concernant la communication, l\u2019accent sera mis sur les partenariats et sur les outils num\u00e9riques<br><br>En conclusion, les questions diverses ont permis d\u2019\u00e9voquer plusieurs points tel que, par exemple, le Tournoi de Reims ou les doublons de dates en Ligue de Paris IDF.<br><\/p>\n\n\n\n<div class=\"wp-block-image\"><figure class=\"aligncenter size-full is-resized\"><img decoding=\"async\" loading=\"lazy\" src=\"https:\/\/i0.wp.com\/unfe.frwp-content\/uploads\/2021\/12\/photo-ag-1.jpg?resize=306%2C207&#038;ssl=1\" alt=\"\" class=\"wp-image-7693\" width=\"306\" height=\"207\" srcset=\"https:\/\/i0.wp.com\/unfe.fr\/wp-content\/uploads\/2021\/12\/photo-ag-1.jpg?w=306 306w, https:\/\/i0.wp.com\/unfe.fr\/wp-content\/uploads\/2021\/12\/photo-ag-1.jpg?resize=300%2C203 300w\" sizes=\"(max-width: 306px) 100vw, 306px\" data-recalc-dims=\"1\" \/><\/figure><\/div>\n","protected":false},"excerpt":{"rendered":"<p>NOS DIRIGEANTS INT\u00c8GRENT LES INSTANCES POUR FAIRE AVANCER LE FE L\u2019Assembl\u00e9e G\u00e9n\u00e9rale de l\u2019UNFE 2020\/2021 s\u2019est tenue le 13 D\u00e9cembre 2021 en visio-conf\u00e9rence. Des dirigeants de clubs repr\u00e9sentant huit Ligues r\u00e9gionales \u00e9taient pr\u00e9sents.Nous vous proposons un r\u00e9sum\u00e9 de cette assembl\u00e9e sachant que les clubs adh\u00e9rents 2020\/2021 ont re\u00e7u le compte rendu complet. Les d\u00e9bats se [&hellip;]<\/p>\n","protected":false},"author":3,"featured_media":7687,"comment_status":"open","ping_status":"closed","sticky":false,"template":"","format":"standard","meta":{"_monsterinsights_skip_tracking":false,"_monsterinsights_sitenote_active":false,"_monsterinsights_sitenote_note":"","_monsterinsights_sitenote_category":0,"footnotes":""},"categories":[11,13],"tags":[],"jetpack_sharing_enabled":true,"jetpack_featured_media_url":"https:\/\/i0.wp.com\/unfe.fr\/wp-content\/uploads\/2021\/12\/photo-ag1.jpg?fit=880%2C486","_links":{"self":[{"href":"http:\/\/unfe.fr\/index.php?rest_route=\/wp\/v2\/posts\/7686"}],"collection":[{"href":"http:\/\/unfe.fr\/index.php?rest_route=\/wp\/v2\/posts"}],"about":[{"href":"http:\/\/unfe.fr\/index.php?rest_route=\/wp\/v2\/types\/post"}],"author":[{"embeddable":true,"href":"http:\/\/unfe.fr\/index.php?rest_route=\/wp\/v2\/users\/3"}],"replies":[{"embeddable":true,"href":"http:\/\/unfe.fr\/index.php?rest_route=%2Fwp%2Fv2%2Fcomments&post=7686"}],"version-history":[{"count":6,"href":"http:\/\/unfe.fr\/index.php?rest_route=\/wp\/v2\/posts\/7686\/revisions"}],"predecessor-version":[{"id":7695,"href":"http:\/\/unfe.fr\/index.php?rest_route=\/wp\/v2\/posts\/7686\/revisions\/7695"}],"wp:featuredmedia":[{"embeddable":true,"href":"http:\/\/unfe.fr\/index.php?rest_route=\/wp\/v2\/media\/7687"}],"wp:attachment":[{"href":"http:\/\/unfe.fr\/index.php?rest_route=%2Fwp%2Fv2%2Fmedia&parent=7686"}],"wp:term":[{"taxonomy":"category","embeddable":true,"href":"http:\/\/unfe.fr\/index.php?rest_route=%2Fwp%2Fv2%2Fcategories&post=7686"},{"taxonomy":"post_tag","embeddable":true,"href":"http:\/\/unfe.fr\/index.php?rest_route=%2Fwp%2Fv2%2Ftags&post=7686"}],"curies":[{"name":"wp","href":"https:\/\/api.w.org\/{rel}","templated":true}]}}