{"id":7989,"date":"2022-03-11T10:35:28","date_gmt":"2022-03-11T09:35:28","guid":{"rendered":"http:\/\/unfe.fr\/?p=7989"},"modified":"2022-03-11T10:35:29","modified_gmt":"2022-03-11T09:35:29","slug":"coupe-nationale-les-16-equipes-en-lice","status":"publish","type":"post","link":"http:\/\/unfe.fr\/?p=7989","title":{"rendered":"Coupe nationale : les 16 \u00e9quipes en lice"},"content":{"rendered":"\n<h2 class=\"wp-block-heading\">Faites vos jeux !<\/h2>\n\n\n\n<p>Nous vous pr\u00e9sentons la photographie des 16 \u00e9quipes qui en d\u00e9coudront demain 12 Mars \u00e0 Bordeaux, Paris, Ajaccio, Toulouse&#8230;etc, et qui repr\u00e9senteront sept Ligues r\u00e9gionales. Comme vous l&#8217;avez constat\u00e9, les deux groupes, pour le tirage au sort, ont \u00e9t\u00e9 b\u00e2tis \u00e0 partir de crit\u00e8res &#8221;financi\u00e8rement g\u00e9ographiques&#8221;, les crit\u00e8res sportifs que nous avancions n&#8217;ayant pas \u00e9t\u00e9 pris en compte. <br>Plusieurs rencontres int\u00e9ressantes constituent le programme all\u00e9chant de ce tour. Les clubs recevant pourraient, sans faire injure \u00e0 leurs adversaires, \u00eatre les plus nombreux au tour suivant. Aux visiteurs de nous faire mentir !<br>Sur son terrain synth\u00e9tique iss\u00e9en, l&#8217;AS ORANGE, qui a perdu son coach r\u00e9cemment appel\u00e9 vers une  autre aventure, recevra l&#8217;AS BANQUE DE FRANCE, une \u00e9quipe qui alterne le bon et moins bon. Pour \u00e9toffer leurs arguments, les orangistes viennent de battre les m\u00eames banquiers en championnat avant de s&#8217;incliner chez le FC NIKE (0-1) dans un match en retard qui aurait pu leur laisser des espoirs de remont\u00e9e. L&#8217;AS ORANGE et la Banque de France ayant gagn\u00e9 lors de la derni\u00e8re journ\u00e9e, la dynamique est l\u00e0 des deux c\u00f4t\u00e9s. Le pronostic est d\u00e9licat !<br>L&#8217;AS ROBERT MASSELIN r\u00e9alise une superbe saison en Normandie et au plan national. Il s viennent de gagner le 5 Mars face \u00e0 COCER (3-1). Si les normands du Pr\u00e9sident Jean MASSELIN veulent poursuivre sur cette dynamique, il leur faudra \u00e9carter l&#8217;APSAP Emile ROUX, une \u00e9quipe parisienne qui fait la meilleure saison depuis tr\u00e8s longtemps \u00e0 l&#8217;appui d&#8217;un collectif bien huil\u00e9 et d&#8217;un groupe tr\u00e8s serein et difficile \u00e0 bouger. Ils viennent de battre le FC NIKE (3-1) et occupent une belle 2\u00e8me place au classement avec une seule d\u00e9faite sur 15 matchs disput\u00e9s. Match super \u00e9quilibr\u00e9 en perspective ! THE MATCH OF THE DAY !       <\/p>\n\n\n\n<p><\/p>\n\n\n\n<div class=\"wp-block-media-text alignwide is-stacked-on-mobile\"><figure class=\"wp-block-media-text__media\"><img decoding=\"async\" loading=\"lazy\" width=\"901\" height=\"539\" src=\"https:\/\/i0.wp.com\/unfe.frwp-content\/uploads\/2022\/02\/CACS-RCPORT.jpg?resize=901%2C539&#038;ssl=1\" alt=\"\" class=\"wp-image-8079 size-full\" srcset=\"https:\/\/i0.wp.com\/unfe.fr\/wp-content\/uploads\/2022\/02\/CACS-RCPORT.jpg?w=901 901w, https:\/\/i0.wp.com\/unfe.fr\/wp-content\/uploads\/2022\/02\/CACS-RCPORT.jpg?resize=300%2C179 300w, https:\/\/i0.wp.com\/unfe.fr\/wp-content\/uploads\/2022\/02\/CACS-RCPORT.jpg?resize=768%2C459 768w\" sizes=\"(max-width: 901px) 100vw, 901px\" data-recalc-dims=\"1\" \/><\/figure><div class=\"wp-block-media-text__content\">\n<p class=\"has-normal-font-size\"> Toujours du c\u00f4t\u00e9 normand, les Cheminots st\u00e9phanais (CACS Saint Etienne du Vauvray) auront fort \u00e0 faire en Corse chez les Commer\u00e7ants de Bastelica.<\/p>\n\n\n\n<p class=\"has-normal-font-size\">Ils r\u00e9aliseraient une tr\u00e8s belle performance s&#8217;ils revenaient de l&#8217;Ile de Beaut\u00e9 avec la qualification en poche et pourraient ainsi pr\u00e9tendre \u00e0 aller encore beaucoup plus loin. Leur r\u00e9cente d\u00e9faite chez le RC Port du Havre (0-4)<em><span class=\"has-inline-color has-luminous-vivid-orange-color\">(cf photo)<\/span><\/em> en championnat devra \u00eatre oubli\u00e9e ou plut\u00f4t utilis\u00e9e pour corriger la trajectoire.  L&#8217;arbitre central du match sera Mr Guillaume HENCK (District du Var) qui arbitre r\u00e9guli\u00e8rement au niveau N3 en Ligue de M\u00e9diterran\u00e9e.<\/p>\n<\/div><\/div>\n\n\n\n<p>FC ESPACE Foot sera favori face aux Municipaux nantais, \u00e0 notre humble avis, et sans faire injure \u00e0 ces derniers. Les girondins sont effectivement tr\u00e8s en forme dans un championnat tr\u00e8s serr\u00e9, malgr\u00e9 une r\u00e9cente d\u00e9faite d\u00e9faite \u00e0 domicile le 4 Mars face au FC NOBI NOBI (4-6). Ils viennent de dominer UBM Bordeaux METROPOLE \u00e0 l&#8217;ext\u00e9rieur (5-1). Les joueurs du Pr\u00e9sident Jimmy LOUBERE pourraient \u00eatre la grande surprise de cette comp\u00e9tition.<br>Nous pourrions avoir le m\u00eame discours pour le match qui opposera les Amateurs Aquitains \u00e0 l&#8217;AS CTE Orvault, l&#8217;avantage du terrain sur ces deux rencontres disput\u00e9es en Gironde, devant \u00eatre pris en compte. L&#8217;orvaltais Christophe TOURRES, en tant que responsable d&#8217;une entreprise d&#8217;\u00e9lectricit\u00e9 (CTE), saura  pr\u00e9parer ce d\u00e9placement et donner du jus \u00e0 un groupe qui devra se&#8230;survolter !  <br>Aux deux repr\u00e9sentants de la Ligue des Pays de la Loire de renverser les pronostics. C&#8217;est tout ce qu&#8217;on leur souhaite. <\/p>\n\n\n\n<p>Quel que soit le r\u00e9sultat de leur match \u00e0 Ajaccio, l&#8217;US METRO <em><span class=\"has-inline-color has-luminous-vivid-orange-color\">(cf photo en ent\u00eate), <\/span><\/em>sait qu&#8217;il sera bien re\u00e7u par OCANA Entreprises, une \u00e9quipe corse avec des dirigeants qui savent ce que le mot &#8221;ACCUEILLIR&#8221; signifie. Quant au match, il est probable qu&#8217;il soit tr\u00e8s \u00e9quilibr\u00e9, les locaux de TITI Agostini \u00e9tant en belle forme et ceux de Christian OLIVEAU sur un bel \u00e9lan et leaders du championnat parisien. Tirs au but ? <\/p>\n\n\n\n<p>Enfin, UBM Bordeaux (ex Municipaux Bordeaux) souhaiterait retrouver la finale qu&#8217;il a d\u00e9j\u00e0 connue et perdue en 1991 \u00e0 Maisons Alfort. En face, et apr\u00e8s la d\u00e9cision de la commission ad\u00e9quate suite \u00e0 r\u00e9serves bilat\u00e9rales, ce sont les joueurs du FC NOVUUS qui les accueilleront \u00e0 Chambourcy.<\/p>\n\n\n\n<p>Nous avons sollicit\u00e9 R\u00e9my SPIEWAK, le Pr\u00e9sident bordelais, pour recueillir son avis \u00e0 quelques jours de ce match :    <\/p>\n\n\n\n<div class=\"wp-block-media-text alignwide is-stacked-on-mobile\" style=\"grid-template-columns:15% auto\"><figure class=\"wp-block-media-text__media\"><img decoding=\"async\" loading=\"lazy\" width=\"149\" height=\"180\" src=\"https:\/\/i0.wp.com\/unfe.frwp-content\/uploads\/2022\/02\/remy-SPIEWAK.jpg?resize=149%2C180&#038;ssl=1\" alt=\"\" class=\"wp-image-8077 size-full\" data-recalc-dims=\"1\"\/><\/figure><div class=\"wp-block-media-text__content\">\n<p>Remy SPIEWAK travaille au service des B\u00e2timents de la ville de Bordeaux et il&nbsp;occupe le r\u00f4le de Pr\u00e9sident du club d\u2019UBM Bordeaux METROPOLE. Ce club, sous l\u2019appellation \u2018\u2019Municipaux Bordeaux\u2019\u2019 a d\u00e9j\u00e0 go\u00fbt\u00e9 aux joies d\u2019une finale de Coupe nationale FE et souhaiterait r\u00e9it\u00e9rer cette performance. A quelques jours de ce match chez le FC NOVUUS, nous avons interrog\u00e9 R\u00e9my SPIEWAK dont l\u2019\u00e9quipe vient de conna\u00eetre une p\u00e9riode difficile avec une s\u00e9rie de d\u00e9faites dans un championnat relev\u00e9 o\u00f9 les 5 premiers se tiennent en 5 points.<\/p>\n<\/div><\/div>\n\n\n\n<h3 class=\"wp-block-heading\"><strong>Comment se pr\u00e9sente ce match chez le FC NOVUUS, vos forces et, si ce n\u2019est pas un secret, vos faiblesses&nbsp;?<\/strong><\/h3>\n\n\n\n<p>Nous ne sommes pas dans une bonne dynamique. Nous avons un effectif de qualit\u00e9 mais qui ne se connait pas encore tr\u00e8s bien car la moiti\u00e9 de nos joueurs sont arriv\u00e9s en d\u00e9but de saison.<br>En championnat r\u00e9gional, notre objectif est de terminer le plus haut possible et d&#8217;aller le plus loin dans toutes les coupes. Notre force&nbsp;: nous avons des dirigeants et joueurs tr\u00e8s comp\u00e9titeurs.<br>Le groupe est tr\u00e8s motiv\u00e9 pour cette rencontre. On ne joue pas un 8\u00e8me tous les ans.<br>M\u00eame si nous avons quelques absences, nous esp\u00e9rons avoir un meilleur r\u00e9sultat que lors de&nbsp;nos 2 pr\u00e9c\u00e9dentes&nbsp;rencontres et pourquoi-pas, cr\u00e9er la surprise contre les favoris de la comp\u00e9tition.<\/p>\n\n\n\n<h3 class=\"wp-block-heading\"><strong>Je crois que vous vous connaissez d\u00e9j\u00e0 avec votre adversaire&nbsp;m\u00eame si les effectifs ont chang\u00e9 depuis 2019 ?<\/strong>&nbsp;<\/h3>\n\n\n\n<p>Effectivement, il y a quelques saisons, nous avons jou\u00e9 contre cette \u00e9quipe en match de poule. C&#8217;\u00e9tait Best Training devenu FC NOVUUS. Nous avons \u00e9t\u00e9 tr\u00e8s bien accueillis et vu ce qu\u2019est le haut niveau en Foot Entreprise.<\/p>\n\n\n\n<h3 class=\"wp-block-heading\"><strong>Parlez-nous de votre capitaine <\/strong>&nbsp;<\/h3>\n\n\n\n<div class=\"wp-block-media-text alignwide is-stacked-on-mobile\" style=\"grid-template-columns:18% auto\"><figure class=\"wp-block-media-text__media\"><img decoding=\"async\" loading=\"lazy\" width=\"329\" height=\"421\" src=\"https:\/\/i0.wp.com\/unfe.frwp-content\/uploads\/2022\/02\/pocheron.jpg?resize=329%2C421&#038;ssl=1\" alt=\"\" class=\"wp-image-8082 size-full\" srcset=\"https:\/\/i0.wp.com\/unfe.fr\/wp-content\/uploads\/2022\/02\/pocheron.jpg?w=329 329w, https:\/\/i0.wp.com\/unfe.fr\/wp-content\/uploads\/2022\/02\/pocheron.jpg?resize=234%2C300 234w\" sizes=\"(max-width: 329px) 100vw, 329px\" data-recalc-dims=\"1\" \/><\/figure><div class=\"wp-block-media-text__content\">\n<p class=\"has-normal-font-size\">Notre capitaine est Porcheron Nicolas&nbsp;: il a 37 ans. Il&nbsp;a fait toute sa formation \u00e0 ARLAC, puis est&nbsp;parti deux&nbsp;ans \u00e0 St BRUNO avant de rejouer \u00e0 ARLAC en National 3.<br>Cela fait trois ans qu&#8217;il est au club et ce sont les joueurs qui ont vot\u00e9 pour qu&#8217;il soit leur capitaine.<br>Il est exemplaire sur et en dehors du terrain. <\/p>\n<\/div><\/div>\n\n\n\n<hr class=\"wp-block-separator\"\/>\n\n\n\n<p><strong>Les 16 \u00e9quipes qualifi\u00e9es et les 8 rencontres :<\/strong><\/p>\n\n\n\n<figure class=\"wp-block-gallery columns-2 is-cropped wp-block-gallery-1 is-layout-flex wp-block-gallery-is-layout-flex\"><ul class=\"blocks-gallery-grid\"><li class=\"blocks-gallery-item\"><figure><img decoding=\"async\" src=\"https:\/\/i0.wp.com\/unfe.frwp-content\/uploads\/2022\/02\/CN16-BASTELICA-1.jpg?w=1200&#038;ssl=1\" alt=\"\" data-id=\"8002\" data-full-url=\"https:\/\/i0.wp.com\/unfe.frwp-content\/uploads\/2022\/02\/CN16-BASTELICA-1.jpg?w=1200&#038;ssl=1\" data-link=\"https:\/\/unfe.fr?attachment_id=8002\" class=\"wp-image-8002\" data-recalc-dims=\"1\"\/><figcaption class=\"blocks-gallery-item__caption\">Commer\u00e7ants Bastelica<\/figcaption><\/figure><\/li><li class=\"blocks-gallery-item\"><figure><img decoding=\"async\" loading=\"lazy\" width=\"790\" height=\"532\" src=\"https:\/\/i0.wp.com\/unfe.frwp-content\/uploads\/2022\/01\/cn16-cacs-equipe.jpg?resize=790%2C532&#038;ssl=1\" alt=\"\" data-id=\"7913\" data-full-url=\"https:\/\/i0.wp.com\/unfe.frwp-content\/uploads\/2022\/01\/cn16-cacs-equipe.jpg?resize=790%2C532&#038;ssl=1\" data-link=\"https:\/\/unfe.fr?attachment_id=7913\" class=\"wp-image-7913\" srcset=\"https:\/\/i0.wp.com\/unfe.fr\/wp-content\/uploads\/2022\/01\/cn16-cacs-equipe.jpg?w=790 790w, https:\/\/i0.wp.com\/unfe.fr\/wp-content\/uploads\/2022\/01\/cn16-cacs-equipe.jpg?resize=300%2C202 300w, https:\/\/i0.wp.com\/unfe.fr\/wp-content\/uploads\/2022\/01\/cn16-cacs-equipe.jpg?resize=768%2C517 768w\" sizes=\"(max-width: 790px) 100vw, 790px\" data-recalc-dims=\"1\" \/><figcaption class=\"blocks-gallery-item__caption\">Cheminots st\u00e9phanais CACS<\/figcaption><\/figure><\/li><\/ul><\/figure>\n\n\n\n<p><\/p>\n\n\n\n<figure class=\"wp-block-gallery columns-2 is-cropped wp-block-gallery-3 is-layout-flex wp-block-gallery-is-layout-flex\"><ul class=\"blocks-gallery-grid\"><li class=\"blocks-gallery-item\"><figure><img decoding=\"async\" loading=\"lazy\" width=\"924\" height=\"440\" src=\"https:\/\/i0.wp.com\/unfe.frwp-content\/uploads\/2022\/01\/cn16-espace-foot-equipe.jpg?resize=924%2C440&#038;ssl=1\" alt=\"\" data-id=\"7931\" data-full-url=\"https:\/\/i0.wp.com\/unfe.frwp-content\/uploads\/2022\/01\/cn16-espace-foot-equipe.jpg?resize=924%2C440&#038;ssl=1\" data-link=\"https:\/\/unfe.fr?attachment_id=7931\" class=\"wp-image-7931\" srcset=\"https:\/\/i0.wp.com\/unfe.fr\/wp-content\/uploads\/2022\/01\/cn16-espace-foot-equipe.jpg?w=924 924w, https:\/\/i0.wp.com\/unfe.fr\/wp-content\/uploads\/2022\/01\/cn16-espace-foot-equipe.jpg?resize=300%2C143 300w, https:\/\/i0.wp.com\/unfe.fr\/wp-content\/uploads\/2022\/01\/cn16-espace-foot-equipe.jpg?resize=768%2C366 768w\" sizes=\"(max-width: 924px) 100vw, 924px\" data-recalc-dims=\"1\" \/><figcaption class=\"blocks-gallery-item__caption\">FC ESPACE FOOT Bordeaux<\/figcaption><\/figure><\/li><li class=\"blocks-gallery-item\"><figure><img decoding=\"async\" loading=\"lazy\" width=\"896\" height=\"672\" src=\"https:\/\/i0.wp.com\/unfe.frwp-content\/uploads\/2022\/02\/received_603467524092779-1.jpeg?resize=896%2C672&#038;ssl=1\" alt=\"\" data-id=\"8008\" data-full-url=\"https:\/\/i0.wp.com\/unfe.frwp-content\/uploads\/2022\/02\/received_603467524092779-1.jpeg?resize=896%2C672&#038;ssl=1\" data-link=\"https:\/\/unfe.fr?attachment_id=8008\" class=\"wp-image-8008\" srcset=\"https:\/\/i0.wp.com\/unfe.fr\/wp-content\/uploads\/2022\/02\/received_603467524092779-1.jpeg?w=896 896w, https:\/\/i0.wp.com\/unfe.fr\/wp-content\/uploads\/2022\/02\/received_603467524092779-1.jpeg?resize=300%2C225 300w, https:\/\/i0.wp.com\/unfe.fr\/wp-content\/uploads\/2022\/02\/received_603467524092779-1.jpeg?resize=768%2C576 768w\" sizes=\"(max-width: 896px) 100vw, 896px\" data-recalc-dims=\"1\" \/><figcaption class=\"blocks-gallery-item__caption\">Municipaux Nantes<\/figcaption><\/figure><\/li><\/ul><\/figure>\n\n\n\n<figure class=\"wp-block-gallery columns-2 is-cropped wp-block-gallery-5 is-layout-flex wp-block-gallery-is-layout-flex\"><ul class=\"blocks-gallery-grid\"><li class=\"blocks-gallery-item\"><figure><img decoding=\"async\" loading=\"lazy\" width=\"794\" height=\"490\" src=\"https:\/\/i0.wp.com\/unfe.frwp-content\/uploads\/2022\/02\/cn32-orange-equipe.jpg?resize=794%2C490&#038;ssl=1\" alt=\"\" data-id=\"7996\" data-full-url=\"https:\/\/i0.wp.com\/unfe.frwp-content\/uploads\/2022\/02\/cn32-orange-equipe.jpg?resize=794%2C490&#038;ssl=1\" data-link=\"https:\/\/unfe.fr?attachment_id=7996\" class=\"wp-image-7996\" srcset=\"https:\/\/i0.wp.com\/unfe.fr\/wp-content\/uploads\/2022\/02\/cn32-orange-equipe.jpg?w=794 794w, https:\/\/i0.wp.com\/unfe.fr\/wp-content\/uploads\/2022\/02\/cn32-orange-equipe.jpg?resize=300%2C185 300w, https:\/\/i0.wp.com\/unfe.fr\/wp-content\/uploads\/2022\/02\/cn32-orange-equipe.jpg?resize=768%2C474 768w\" sizes=\"(max-width: 794px) 100vw, 794px\" data-recalc-dims=\"1\" \/><figcaption class=\"blocks-gallery-item__caption\">AS ORANGE Issy<\/figcaption><\/figure><\/li><li class=\"blocks-gallery-item\"><figure><img decoding=\"async\" loading=\"lazy\" width=\"1024\" height=\"597\" src=\"https:\/\/i0.wp.com\/unfe.frwp-content\/uploads\/2022\/02\/CN16-BDF-EQUIPE-1-1024x597.jpg?resize=1024%2C597&#038;ssl=1\" alt=\"\" data-id=\"8003\" data-full-url=\"https:\/\/unfe.frwp-content\/uploads\/2022\/02\/CN16-BDF-EQUIPE-1.jpg\" data-link=\"https:\/\/unfe.fr?attachment_id=8003\" class=\"wp-image-8003\" srcset=\"https:\/\/i0.wp.com\/unfe.fr\/wp-content\/uploads\/2022\/02\/CN16-BDF-EQUIPE-1.jpg?resize=1024%2C597 1024w, https:\/\/i0.wp.com\/unfe.fr\/wp-content\/uploads\/2022\/02\/CN16-BDF-EQUIPE-1.jpg?resize=300%2C175 300w, https:\/\/i0.wp.com\/unfe.fr\/wp-content\/uploads\/2022\/02\/CN16-BDF-EQUIPE-1.jpg?resize=768%2C448 768w, https:\/\/i0.wp.com\/unfe.fr\/wp-content\/uploads\/2022\/02\/CN16-BDF-EQUIPE-1.jpg?resize=1536%2C896 1536w, https:\/\/i0.wp.com\/unfe.fr\/wp-content\/uploads\/2022\/02\/CN16-BDF-EQUIPE-1.jpg?w=1600 1600w\" sizes=\"(max-width: 1024px) 100vw, 1024px\" data-recalc-dims=\"1\" \/><figcaption class=\"blocks-gallery-item__caption\">AS Banque de France<\/figcaption><\/figure><\/li><\/ul><\/figure>\n\n\n\n<figure class=\"wp-block-gallery columns-2 is-cropped wp-block-gallery-7 is-layout-flex wp-block-gallery-is-layout-flex\"><ul class=\"blocks-gallery-grid\"><li class=\"blocks-gallery-item\"><figure><img decoding=\"async\" loading=\"lazy\" width=\"782\" height=\"467\" src=\"https:\/\/i0.wp.com\/unfe.frwp-content\/uploads\/2022\/02\/Afca-bayern-EQUIPE-1.jpg?resize=782%2C467&#038;ssl=1\" alt=\"\" data-id=\"8001\" data-full-url=\"https:\/\/i0.wp.com\/unfe.frwp-content\/uploads\/2022\/02\/Afca-bayern-EQUIPE-1.jpg?resize=782%2C467&#038;ssl=1\" data-link=\"https:\/\/unfe.fr?attachment_id=8001\" class=\"wp-image-8001\" srcset=\"https:\/\/i0.wp.com\/unfe.fr\/wp-content\/uploads\/2022\/02\/Afca-bayern-EQUIPE-1.jpg?w=782 782w, https:\/\/i0.wp.com\/unfe.fr\/wp-content\/uploads\/2022\/02\/Afca-bayern-EQUIPE-1.jpg?resize=300%2C179 300w, https:\/\/i0.wp.com\/unfe.fr\/wp-content\/uploads\/2022\/02\/Afca-bayern-EQUIPE-1.jpg?resize=768%2C459 768w\" sizes=\"(max-width: 782px) 100vw, 782px\" data-recalc-dims=\"1\" \/><figcaption class=\"blocks-gallery-item__caption\">Amateurs aquitains AFCA<\/figcaption><\/figure><\/li><li class=\"blocks-gallery-item\"><figure><img decoding=\"async\" loading=\"lazy\" width=\"826\" height=\"468\" src=\"https:\/\/i0.wp.com\/unfe.frwp-content\/uploads\/2021\/11\/orvayult-as-cte.jpg?resize=826%2C468&#038;ssl=1\" alt=\"\" data-id=\"7587\" data-full-url=\"https:\/\/i0.wp.com\/unfe.frwp-content\/uploads\/2021\/11\/orvayult-as-cte.jpg?resize=826%2C468&#038;ssl=1\" data-link=\"https:\/\/unfe.fr?attachment_id=7587\" class=\"wp-image-7587\" srcset=\"https:\/\/i0.wp.com\/unfe.fr\/wp-content\/uploads\/2021\/11\/orvayult-as-cte.jpg?w=826 826w, https:\/\/i0.wp.com\/unfe.fr\/wp-content\/uploads\/2021\/11\/orvayult-as-cte.jpg?resize=300%2C170 300w, https:\/\/i0.wp.com\/unfe.fr\/wp-content\/uploads\/2021\/11\/orvayult-as-cte.jpg?resize=768%2C435 768w\" sizes=\"(max-width: 826px) 100vw, 826px\" data-recalc-dims=\"1\" \/><figcaption class=\"blocks-gallery-item__caption\">AS CTE Orvault<\/figcaption><\/figure><\/li><\/ul><\/figure>\n\n\n\n<figure class=\"wp-block-gallery columns-2 is-cropped wp-block-gallery-9 is-layout-flex wp-block-gallery-is-layout-flex\"><ul class=\"blocks-gallery-grid\"><li class=\"blocks-gallery-item\"><figure><img decoding=\"async\" loading=\"lazy\" width=\"960\" height=\"768\" src=\"https:\/\/i0.wp.com\/unfe.frwp-content\/uploads\/2022\/02\/facebook_1645138253753_6900209958271928384.jpg?resize=960%2C768&#038;ssl=1\" alt=\"\" data-id=\"8035\" data-full-url=\"https:\/\/i0.wp.com\/unfe.frwp-content\/uploads\/2022\/02\/facebook_1645138253753_6900209958271928384.jpg?resize=960%2C768&#038;ssl=1\" data-link=\"https:\/\/unfe.fr?attachment_id=8035\" class=\"wp-image-8035\" srcset=\"https:\/\/i0.wp.com\/unfe.fr\/wp-content\/uploads\/2022\/02\/facebook_1645138253753_6900209958271928384.jpg?w=960 960w, https:\/\/i0.wp.com\/unfe.fr\/wp-content\/uploads\/2022\/02\/facebook_1645138253753_6900209958271928384.jpg?resize=300%2C240 300w, https:\/\/i0.wp.com\/unfe.fr\/wp-content\/uploads\/2022\/02\/facebook_1645138253753_6900209958271928384.jpg?resize=768%2C614 768w\" sizes=\"(max-width: 960px) 100vw, 960px\" data-recalc-dims=\"1\" \/><figcaption class=\"blocks-gallery-item__caption\">FC NOVUUS<\/figcaption><\/figure><\/li><li class=\"blocks-gallery-item\"><figure><img decoding=\"async\" loading=\"lazy\" width=\"736\" height=\"370\" src=\"https:\/\/i0.wp.com\/unfe.frwp-content\/uploads\/2022\/02\/ubm-bordeaxu-1.jpg?resize=736%2C370&#038;ssl=1\" alt=\"\" data-id=\"8009\" data-full-url=\"https:\/\/i0.wp.com\/unfe.frwp-content\/uploads\/2022\/02\/ubm-bordeaxu-1.jpg?resize=736%2C370&#038;ssl=1\" data-link=\"https:\/\/unfe.fr?attachment_id=8009\" class=\"wp-image-8009\" srcset=\"https:\/\/i0.wp.com\/unfe.fr\/wp-content\/uploads\/2022\/02\/ubm-bordeaxu-1.jpg?w=736 736w, https:\/\/i0.wp.com\/unfe.fr\/wp-content\/uploads\/2022\/02\/ubm-bordeaxu-1.jpg?resize=300%2C151 300w\" sizes=\"(max-width: 736px) 100vw, 736px\" data-recalc-dims=\"1\" \/><figcaption class=\"blocks-gallery-item__caption\">UBM Bordeaux<\/figcaption><\/figure><\/li><\/ul><\/figure>\n\n\n\n<figure class=\"wp-block-gallery columns-2 is-cropped wp-block-gallery-11 is-layout-flex wp-block-gallery-is-layout-flex\"><ul class=\"blocks-gallery-grid\"><li class=\"blocks-gallery-item\"><figure><img decoding=\"async\" loading=\"lazy\" width=\"865\" height=\"486\" src=\"https:\/\/i0.wp.com\/unfe.frwp-content\/uploads\/2022\/01\/cn16-ocana-equipe.jpg?resize=865%2C486&#038;ssl=1\" alt=\"\" data-id=\"7942\" data-full-url=\"https:\/\/i0.wp.com\/unfe.frwp-content\/uploads\/2022\/01\/cn16-ocana-equipe.jpg?resize=865%2C486&#038;ssl=1\" data-link=\"https:\/\/unfe.fr?attachment_id=7942\" class=\"wp-image-7942\" srcset=\"https:\/\/i0.wp.com\/unfe.fr\/wp-content\/uploads\/2022\/01\/cn16-ocana-equipe.jpg?w=865 865w, https:\/\/i0.wp.com\/unfe.fr\/wp-content\/uploads\/2022\/01\/cn16-ocana-equipe.jpg?resize=300%2C169 300w, https:\/\/i0.wp.com\/unfe.fr\/wp-content\/uploads\/2022\/01\/cn16-ocana-equipe.jpg?resize=768%2C432 768w\" sizes=\"(max-width: 865px) 100vw, 865px\" data-recalc-dims=\"1\" \/><figcaption class=\"blocks-gallery-item__caption\">OCANA Entreprises (Ajaccio)<\/figcaption><\/figure><\/li><li class=\"blocks-gallery-item\"><figure><img decoding=\"async\" loading=\"lazy\" width=\"828\" height=\"575\" src=\"https:\/\/i0.wp.com\/unfe.frwp-content\/uploads\/2022\/02\/cn32-us-metro-equipe.jpg?resize=828%2C575&#038;ssl=1\" alt=\"\" data-id=\"7997\" data-full-url=\"https:\/\/i0.wp.com\/unfe.frwp-content\/uploads\/2022\/02\/cn32-us-metro-equipe.jpg?resize=828%2C575&#038;ssl=1\" data-link=\"https:\/\/unfe.fr?attachment_id=7997\" class=\"wp-image-7997\" srcset=\"https:\/\/i0.wp.com\/unfe.fr\/wp-content\/uploads\/2022\/02\/cn32-us-metro-equipe.jpg?w=828 828w, https:\/\/i0.wp.com\/unfe.fr\/wp-content\/uploads\/2022\/02\/cn32-us-metro-equipe.jpg?resize=300%2C208 300w, https:\/\/i0.wp.com\/unfe.fr\/wp-content\/uploads\/2022\/02\/cn32-us-metro-equipe.jpg?resize=768%2C533 768w\" sizes=\"(max-width: 828px) 100vw, 828px\" data-recalc-dims=\"1\" \/><figcaption class=\"blocks-gallery-item__caption\">US METRO Paris<\/figcaption><\/figure><\/li><\/ul><\/figure>\n\n\n\n<figure class=\"wp-block-gallery columns-2 is-cropped wp-block-gallery-13 is-layout-flex wp-block-gallery-is-layout-flex\"><ul class=\"blocks-gallery-grid\"><li class=\"blocks-gallery-item\"><figure><img decoding=\"async\" loading=\"lazy\" width=\"1024\" height=\"498\" src=\"https:\/\/i0.wp.com\/unfe.frwp-content\/uploads\/2022\/01\/IMG-20211218-WA0012-1024x498.jpg?resize=1024%2C498&#038;ssl=1\" alt=\"\" data-id=\"7855\" data-full-url=\"https:\/\/unfe.frwp-content\/uploads\/2022\/01\/IMG-20211218-WA0012.jpg\" data-link=\"https:\/\/unfe.fr?attachment_id=7855\" class=\"wp-image-7855\" srcset=\"https:\/\/i0.wp.com\/unfe.fr\/wp-content\/uploads\/2022\/01\/IMG-20211218-WA0012.jpg?resize=1024%2C498 1024w, https:\/\/i0.wp.com\/unfe.fr\/wp-content\/uploads\/2022\/01\/IMG-20211218-WA0012.jpg?resize=300%2C146 300w, https:\/\/i0.wp.com\/unfe.fr\/wp-content\/uploads\/2022\/01\/IMG-20211218-WA0012.jpg?resize=768%2C373 768w, https:\/\/i0.wp.com\/unfe.fr\/wp-content\/uploads\/2022\/01\/IMG-20211218-WA0012.jpg?resize=1536%2C746 1536w, https:\/\/i0.wp.com\/unfe.fr\/wp-content\/uploads\/2022\/01\/IMG-20211218-WA0012.jpg?w=1599 1599w\" sizes=\"(max-width: 1024px) 100vw, 1024px\" data-recalc-dims=\"1\" \/><figcaption class=\"blocks-gallery-item__caption\">APSAP Emile ROUX Limeil Brevannes<\/figcaption><\/figure><\/li><li class=\"blocks-gallery-item\"><figure><img decoding=\"async\" loading=\"lazy\" width=\"772\" height=\"447\" src=\"https:\/\/i0.wp.com\/unfe.frwp-content\/uploads\/2022\/01\/cn16-robert-masselin-equipe.jpg?resize=772%2C447&#038;ssl=1\" alt=\"\" data-id=\"7944\" data-full-url=\"https:\/\/i0.wp.com\/unfe.frwp-content\/uploads\/2022\/01\/cn16-robert-masselin-equipe.jpg?resize=772%2C447&#038;ssl=1\" data-link=\"https:\/\/unfe.fr?attachment_id=7944\" class=\"wp-image-7944\" srcset=\"https:\/\/i0.wp.com\/unfe.fr\/wp-content\/uploads\/2022\/01\/cn16-robert-masselin-equipe.jpg?w=772 772w, https:\/\/i0.wp.com\/unfe.fr\/wp-content\/uploads\/2022\/01\/cn16-robert-masselin-equipe.jpg?resize=300%2C174 300w, https:\/\/i0.wp.com\/unfe.fr\/wp-content\/uploads\/2022\/01\/cn16-robert-masselin-equipe.jpg?resize=768%2C445 768w\" sizes=\"(max-width: 772px) 100vw, 772px\" data-recalc-dims=\"1\" \/><figcaption class=\"blocks-gallery-item__caption\">AS ROBERT MASSELIN Petit Quevilly<\/figcaption><\/figure><\/li><\/ul><\/figure>\n\n\n\n<figure class=\"wp-block-gallery columns-2 is-cropped wp-block-gallery-15 is-layout-flex wp-block-gallery-is-layout-flex\"><ul class=\"blocks-gallery-grid\"><li class=\"blocks-gallery-item\"><figure><img decoding=\"async\" loading=\"lazy\" width=\"1024\" height=\"778\" src=\"https:\/\/i0.wp.com\/unfe.frwp-content\/uploads\/2022\/02\/facebook_1644448227546_6897315778591454332-1-1024x778.jpg?resize=1024%2C778&#038;ssl=1\" alt=\"\" data-id=\"8016\" data-full-url=\"https:\/\/unfe.frwp-content\/uploads\/2022\/02\/facebook_1644448227546_6897315778591454332-1.jpg\" data-link=\"https:\/\/unfe.fr?attachment_id=8016\" class=\"wp-image-8016\" srcset=\"https:\/\/i0.wp.com\/unfe.fr\/wp-content\/uploads\/2022\/02\/facebook_1644448227546_6897315778591454332-1.jpg?resize=1024%2C778 1024w, https:\/\/i0.wp.com\/unfe.fr\/wp-content\/uploads\/2022\/02\/facebook_1644448227546_6897315778591454332-1.jpg?resize=300%2C228 300w, https:\/\/i0.wp.com\/unfe.fr\/wp-content\/uploads\/2022\/02\/facebook_1644448227546_6897315778591454332-1.jpg?resize=768%2C584 768w, https:\/\/i0.wp.com\/unfe.fr\/wp-content\/uploads\/2022\/02\/facebook_1644448227546_6897315778591454332-1.jpg?w=1080 1080w\" sizes=\"(max-width: 1024px) 100vw, 1024px\" data-recalc-dims=\"1\" \/><figcaption class=\"blocks-gallery-item__caption\">FC LE BON JOUET<\/figcaption><\/figure><\/li><li class=\"blocks-gallery-item\"><figure><img decoding=\"async\" loading=\"lazy\" width=\"661\" height=\"455\" src=\"https:\/\/i0.wp.com\/unfe.frwp-content\/uploads\/2022\/02\/credit-agricole-rennes-1.jpg?resize=661%2C455&#038;ssl=1\" alt=\"\" data-id=\"8021\" data-full-url=\"https:\/\/i0.wp.com\/unfe.frwp-content\/uploads\/2022\/02\/credit-agricole-rennes-1.jpg?resize=661%2C455&#038;ssl=1\" data-link=\"https:\/\/unfe.fr?attachment_id=8021\" class=\"wp-image-8021\" srcset=\"https:\/\/i0.wp.com\/unfe.fr\/wp-content\/uploads\/2022\/02\/credit-agricole-rennes-1.jpg?w=661 661w, https:\/\/i0.wp.com\/unfe.fr\/wp-content\/uploads\/2022\/02\/credit-agricole-rennes-1.jpg?resize=300%2C207 300w\" sizes=\"(max-width: 661px) 100vw, 661px\" data-recalc-dims=\"1\" \/><figcaption class=\"blocks-gallery-item__caption\">AS CREDIT AGRICOLE Rennes<\/figcaption><\/figure><\/li><\/ul><\/figure>\n","protected":false},"excerpt":{"rendered":"<p>Faites vos jeux ! Nous vous pr\u00e9sentons la photographie des 16 \u00e9quipes qui en d\u00e9coudront demain 12 Mars \u00e0 Bordeaux, Paris, Ajaccio, Toulouse&#8230;etc, et qui repr\u00e9senteront sept Ligues r\u00e9gionales. Comme vous l&#8217;avez constat\u00e9, les deux groupes, pour le tirage au sort, ont \u00e9t\u00e9 b\u00e2tis \u00e0 partir de crit\u00e8res &#8221;financi\u00e8rement g\u00e9ographiques&#8221;, les crit\u00e8res sportifs que nous [&hellip;]<\/p>\n","protected":false},"author":3,"featured_media":7726,"comment_status":"open","ping_status":"closed","sticky":false,"template":"","format":"standard","meta":{"_monsterinsights_skip_tracking":false,"_monsterinsights_sitenote_active":false,"_monsterinsights_sitenote_note":"","_monsterinsights_sitenote_category":0,"footnotes":""},"categories":[14,11],"tags":[],"jetpack_sharing_enabled":true,"jetpack_featured_media_url":"https:\/\/i0.wp.com\/unfe.fr\/wp-content\/uploads\/2021\/12\/cn32-us-metro-equipe.jpg?fit=828%2C575","_links":{"self":[{"href":"http:\/\/unfe.fr\/index.php?rest_route=\/wp\/v2\/posts\/7989"}],"collection":[{"href":"http:\/\/unfe.fr\/index.php?rest_route=\/wp\/v2\/posts"}],"about":[{"href":"http:\/\/unfe.fr\/index.php?rest_route=\/wp\/v2\/types\/post"}],"author":[{"embeddable":true,"href":"http:\/\/unfe.fr\/index.php?rest_route=\/wp\/v2\/users\/3"}],"replies":[{"embeddable":true,"href":"http:\/\/unfe.fr\/index.php?rest_route=%2Fwp%2Fv2%2Fcomments&post=7989"}],"version-history":[{"count":18,"href":"http:\/\/unfe.fr\/index.php?rest_route=\/wp\/v2\/posts\/7989\/revisions"}],"predecessor-version":[{"id":8123,"href":"http:\/\/unfe.fr\/index.php?rest_route=\/wp\/v2\/posts\/7989\/revisions\/8123"}],"wp:featuredmedia":[{"embeddable":true,"href":"http:\/\/unfe.fr\/index.php?rest_route=\/wp\/v2\/media\/7726"}],"wp:attachment":[{"href":"http:\/\/unfe.fr\/index.php?rest_route=%2Fwp%2Fv2%2Fmedia&parent=7989"}],"wp:term":[{"taxonomy":"category","embeddable":true,"href":"http:\/\/unfe.fr\/index.php?rest_route=%2Fwp%2Fv2%2Fcategories&post=7989"},{"taxonomy":"post_tag","embeddable":true,"href":"http:\/\/unfe.fr\/index.php?rest_route=%2Fwp%2Fv2%2Ftags&post=7989"}],"curies":[{"name":"wp","href":"https:\/\/api.w.org\/{rel}","templated":true}]}}