{"id":8430,"date":"2022-06-09T17:41:20","date_gmt":"2022-06-09T15:41:20","guid":{"rendered":"http:\/\/unfe.fr\/?p=8430"},"modified":"2022-06-09T17:41:21","modified_gmt":"2022-06-09T15:41:21","slug":"brendan-roffet-au-coeur-de-la-finale","status":"publish","type":"post","link":"http:\/\/unfe.fr\/?p=8430","title":{"rendered":"Brendan ROFFET au c\u0153ur de la Finale !"},"content":{"rendered":"\n<h2 class=\"wp-block-heading\">Un arbitre jeune, ambitieux mais lucide.<\/h2>\n\n\n\n<p>Avec cette Finale de Coupe Nationale FE, il s&#8217;agira d&#8217;une premi\u00e8re pour Bredan ROFFET qui arbitrera, \u00e0 cette occasion, son premier match de Football Entreprise. Ag\u00e9 de 34 ans, il est originaire de Nancy mais licenci\u00e9 et arbitre du club de La Roche-sur-Yon, en Vend\u00e9e, depuis deux saisons suite \u00e0 mutation professionnelle. Ing\u00e9nieur de formation, il a fait ses \u00e9tudes \u00e0 Metz avec un passage en Ontario, au Canada. Il officiait, cette saison, au centre en National 2, avec plusieurs pr\u00e9sences en tant que 4\u00e8me arbitre en LIGUE 2, comme, par exemple le 28 Mai dernier pour le match CAEN \u2013 QUEVILLY\/ROUEN. Vous constaterez, en lisant ces lignes et ses r\u00e9ponses, qu\u2019il est en pleine progression.<\/p>\n\n\n\n<p>Apr\u00e8s un d\u00e9but de carri\u00e8re comme jeune joueur \u00e0 la RENAISSANCE SPORTIVE de MAGNY (club de la ville de METZ aujourd\u2019hui en R2) il file vers la commune voisine de Marly chez le Sporting Club de Marly, club dans lequel il \u00e9voluera deux saisons dans les \u00e9quipes de jeunes. Il s\u2019orientera ensuite vers l\u2019arbitrage domaine dans lequel il gravira rapidement les \u00e9chelons. Il \u00e9tait F\u00e9d\u00e9ral 4 lors de cette saison\u2026mais ses qualit\u00e9s reconnues ont fait qu&#8217;il vient d&#8217;\u00eatre nomm\u00e9 F\u00e9d\u00e9ral 3. Ce qui lui permettra d&#8217;arbitrera au centre en National.<\/p>\n\n\n\n<p>A travers ses r\u00e9ponses \u00e0 nos questions, vous d\u00e9couvrirez une jeune arbitre plein d\u2019ambition et\u00a0de lucidit\u00e9, deux qualit\u00e9s tr\u00e8s compl\u00e9mentaires.<\/p>\n\n\n\n<p>Le pr\u00e9nom celte BRENDAN signifiant \u2018\u2019\u00e9p\u00e9e\u2019\u2019, nous attendons, samedi, de Brendan ROFFET\u2026.des d\u00e9cisions tranchantes\u00a0!<\/p>\n\n\n\n<hr class=\"wp-block-separator\"\/>\n\n\n\n<p>Nous remercions <strong>Brendan ROFFET<\/strong> d\u2019avoir amicalement r\u00e9pondu \u00e0 nos questions&nbsp;:<\/p>\n\n\n\n<div class=\"wp-block-image\"><figure class=\"alignleft size-full\"><img decoding=\"async\" loading=\"lazy\" width=\"853\" height=\"534\" src=\"https:\/\/i0.wp.com\/unfe.frwp-content\/uploads\/2022\/06\/roffet1.jpg?resize=853%2C534&#038;ssl=1\" alt=\"\" class=\"wp-image-8436\" srcset=\"https:\/\/i0.wp.com\/unfe.fr\/wp-content\/uploads\/2022\/06\/roffet1.jpg?w=853 853w, https:\/\/i0.wp.com\/unfe.fr\/wp-content\/uploads\/2022\/06\/roffet1.jpg?resize=300%2C188 300w, https:\/\/i0.wp.com\/unfe.fr\/wp-content\/uploads\/2022\/06\/roffet1.jpg?resize=768%2C481 768w\" sizes=\"(max-width: 853px) 100vw, 853px\" data-recalc-dims=\"1\" \/><\/figure><\/div>\n\n\n\n<div class=\"wp-block-image\"><figure class=\"alignleft size-full\"><img decoding=\"async\" loading=\"lazy\" width=\"853\" height=\"535\" src=\"https:\/\/i0.wp.com\/unfe.frwp-content\/uploads\/2022\/06\/roffet2.jpg?resize=853%2C535&#038;ssl=1\" alt=\"\" class=\"wp-image-8437\" srcset=\"https:\/\/i0.wp.com\/unfe.fr\/wp-content\/uploads\/2022\/06\/roffet2.jpg?w=853 853w, https:\/\/i0.wp.com\/unfe.fr\/wp-content\/uploads\/2022\/06\/roffet2.jpg?resize=300%2C188 300w, https:\/\/i0.wp.com\/unfe.fr\/wp-content\/uploads\/2022\/06\/roffet2.jpg?resize=768%2C482 768w\" sizes=\"(max-width: 853px) 100vw, 853px\" data-recalc-dims=\"1\" \/><\/figure><\/div>\n\n\n\n<div class=\"wp-block-media-text alignwide is-stacked-on-mobile\" style=\"grid-template-columns:36% auto\"><figure class=\"wp-block-media-text__media\"><img decoding=\"async\" loading=\"lazy\" width=\"377\" height=\"411\" src=\"https:\/\/i0.wp.com\/unfe.frwp-content\/uploads\/2022\/06\/roffet-panini-1.jpg?resize=377%2C411&#038;ssl=1\" alt=\"\" class=\"wp-image-8438 size-full\" srcset=\"https:\/\/i0.wp.com\/unfe.fr\/wp-content\/uploads\/2022\/06\/roffet-panini-1.jpg?w=377 377w, https:\/\/i0.wp.com\/unfe.fr\/wp-content\/uploads\/2022\/06\/roffet-panini-1.jpg?resize=275%2C300 275w\" sizes=\"(max-width: 377px) 100vw, 377px\" data-recalc-dims=\"1\" \/><\/figure><div class=\"wp-block-media-text__content\">\n<p class=\"has-small-font-size\"><span style=\"text-decoration: underline;\"><strong><span style=\"color:#06cae5\" class=\"has-inline-color\">Les actes de violences actuels sur les terrains qui se multiplient ne pourraient-ils pas devenir un frein \u00e0 votre envie de continuer \u00e0 arbitrer&nbsp;?<\/span><\/strong><\/span><br>Je n\u2019ai jamais \u00e9t\u00e9 confront\u00e9 \u00e0 des violences mais il est vrai qu\u2019elles se banalisent. En tant qu\u2019amoureux de ce sport, c\u2019est difficile de comprendre et d\u2019accepter ce genre de comportements.&nbsp;<\/p>\n\n\n\n<p class=\"has-small-font-size\"><strong><span style=\"text-decoration: underline;\"><span style=\"color:#06cae5\" class=\"has-inline-color\">De quel club \u00eates-vous supporter&nbsp;?<\/span><\/span><\/strong><br>L\u2019\u00e9quipe de France.<\/p>\n\n\n\n<p class=\"has-small-font-size\"><strong><span style=\"text-decoration: underline;\"><span style=\"color:#06cae5\" class=\"has-inline-color\">Quel est votre club d&#8217;affiliation et quel est votre r\u00f4le au sein de ce club?<\/span><\/span><\/strong><br>Je suis affili\u00e9 \u00e0 La Roche Vend\u00e9e Football. A chaque fois que je le peux, j\u2019essaie d\u2019\u00eatre le plus pr\u00e9sent possible et d\u2019accompagner les jeunes arbitres.&nbsp;<\/p>\n\n\n\n<p class=\"has-small-font-size\"><strong><span style=\"text-decoration: underline;\"><span style=\"color:#06cae5\" class=\"has-inline-color\">Quels seraient vos arguments pour convaincre un jeune de devenir arbitre&nbsp;?<\/span><\/span><\/strong><br>On affine sa relation aux autres et on se construit de mani\u00e8re plus solide. Dans tous mes entretiens d\u2019embauche, le fait d\u2019avoir mis en avant ma qualit\u00e9 d\u2019arbitre a toujours fait Tilt chez les recruteurs.<\/p>\n<\/div><\/div>\n\n\n\n<blockquote class=\"wp-block-quote\"><p><strong>Pour moi l\u2019arbitrage c\u2019est \u00ab&nbsp;l\u2019\u00e9cole de la vie&nbsp;\u00bb, on apprend \u00e9norm\u00e9ment sur soi, \u00e0 se d\u00e9velopper<\/strong>.<\/p><\/blockquote>\n\n\n\n<hr class=\"wp-block-separator\"\/>\n\n\n\n<div class=\"wp-block-image\"><figure class=\"alignleft size-full\"><img decoding=\"async\" loading=\"lazy\" width=\"853\" height=\"462\" src=\"https:\/\/i0.wp.com\/unfe.frwp-content\/uploads\/2022\/06\/roffet3.jpg?resize=853%2C462&#038;ssl=1\" alt=\"\" class=\"wp-image-8446\" srcset=\"https:\/\/i0.wp.com\/unfe.fr\/wp-content\/uploads\/2022\/06\/roffet3.jpg?w=853 853w, https:\/\/i0.wp.com\/unfe.fr\/wp-content\/uploads\/2022\/06\/roffet3.jpg?resize=300%2C162 300w, https:\/\/i0.wp.com\/unfe.fr\/wp-content\/uploads\/2022\/06\/roffet3.jpg?resize=768%2C416 768w\" sizes=\"(max-width: 853px) 100vw, 853px\" data-recalc-dims=\"1\" \/><\/figure><\/div>\n\n\n\n<div class=\"wp-block-image\"><figure class=\"aligncenter size-large is-resized\"><img decoding=\"async\" loading=\"lazy\" src=\"https:\/\/i0.wp.com\/unfe.frwp-content\/uploads\/2022\/06\/119037059_2717693951802024_7937062144569090991_n-1024x773.jpg?resize=701%2C529&#038;ssl=1\" alt=\"\" class=\"wp-image-8447\" width=\"701\" height=\"529\" srcset=\"https:\/\/i0.wp.com\/unfe.fr\/wp-content\/uploads\/2022\/06\/119037059_2717693951802024_7937062144569090991_n.jpg?resize=1024%2C773 1024w, https:\/\/i0.wp.com\/unfe.fr\/wp-content\/uploads\/2022\/06\/119037059_2717693951802024_7937062144569090991_n.jpg?resize=300%2C227 300w, https:\/\/i0.wp.com\/unfe.fr\/wp-content\/uploads\/2022\/06\/119037059_2717693951802024_7937062144569090991_n.jpg?resize=768%2C580 768w, https:\/\/i0.wp.com\/unfe.fr\/wp-content\/uploads\/2022\/06\/119037059_2717693951802024_7937062144569090991_n.jpg?w=1103 1103w\" sizes=\"(max-width: 701px) 100vw, 701px\" data-recalc-dims=\"1\" \/><figcaption><span class=\"has-inline-color has-black-color\"><strong>Photo : \u00a9Philippe LE BRECH<\/strong><\/span><\/figcaption><\/figure><\/div>\n\n\n\n<div class=\"wp-block-image\"><figure class=\"alignleft size-full\"><img decoding=\"async\" loading=\"lazy\" width=\"853\" height=\"536\" src=\"https:\/\/i0.wp.com\/unfe.frwp-content\/uploads\/2022\/06\/roffet4.jpg?resize=853%2C536&#038;ssl=1\" alt=\"\" class=\"wp-image-8448\" srcset=\"https:\/\/i0.wp.com\/unfe.fr\/wp-content\/uploads\/2022\/06\/roffet4.jpg?w=853 853w, https:\/\/i0.wp.com\/unfe.fr\/wp-content\/uploads\/2022\/06\/roffet4.jpg?resize=300%2C189 300w, https:\/\/i0.wp.com\/unfe.fr\/wp-content\/uploads\/2022\/06\/roffet4.jpg?resize=768%2C483 768w\" sizes=\"(max-width: 853px) 100vw, 853px\" data-recalc-dims=\"1\" \/><\/figure><\/div>\n\n\n\n<p>MERCI<\/p>\n","protected":false},"excerpt":{"rendered":"<p>Un arbitre jeune, ambitieux mais lucide. Avec cette Finale de Coupe Nationale FE, il s&#8217;agira d&#8217;une premi\u00e8re pour Bredan ROFFET qui arbitrera, \u00e0 cette occasion, son premier match de Football Entreprise. Ag\u00e9 de 34 ans, il est originaire de Nancy mais licenci\u00e9 et arbitre du club de La Roche-sur-Yon, en Vend\u00e9e, depuis deux saisons suite [&hellip;]<\/p>\n","protected":false},"author":3,"featured_media":8432,"comment_status":"open","ping_status":"closed","sticky":false,"template":"","format":"standard","meta":{"_monsterinsights_skip_tracking":false,"_monsterinsights_sitenote_active":false,"_monsterinsights_sitenote_note":"","_monsterinsights_sitenote_category":0,"footnotes":""},"categories":[14,12,11],"tags":[],"jetpack_sharing_enabled":true,"jetpack_featured_media_url":"https:\/\/i0.wp.com\/unfe.fr\/wp-content\/uploads\/2022\/06\/150011824_1846908525458857_4904432244919493220_n.jpg?fit=2048%2C1365","_links":{"self":[{"href":"http:\/\/unfe.fr\/index.php?rest_route=\/wp\/v2\/posts\/8430"}],"collection":[{"href":"http:\/\/unfe.fr\/index.php?rest_route=\/wp\/v2\/posts"}],"about":[{"href":"http:\/\/unfe.fr\/index.php?rest_route=\/wp\/v2\/types\/post"}],"author":[{"embeddable":true,"href":"http:\/\/unfe.fr\/index.php?rest_route=\/wp\/v2\/users\/3"}],"replies":[{"embeddable":true,"href":"http:\/\/unfe.fr\/index.php?rest_route=%2Fwp%2Fv2%2Fcomments&post=8430"}],"version-history":[{"count":12,"href":"http:\/\/unfe.fr\/index.php?rest_route=\/wp\/v2\/posts\/8430\/revisions"}],"predecessor-version":[{"id":8452,"href":"http:\/\/unfe.fr\/index.php?rest_route=\/wp\/v2\/posts\/8430\/revisions\/8452"}],"wp:featuredmedia":[{"embeddable":true,"href":"http:\/\/unfe.fr\/index.php?rest_route=\/wp\/v2\/media\/8432"}],"wp:attachment":[{"href":"http:\/\/unfe.fr\/index.php?rest_route=%2Fwp%2Fv2%2Fmedia&parent=8430"}],"wp:term":[{"taxonomy":"category","embeddable":true,"href":"http:\/\/unfe.fr\/index.php?rest_route=%2Fwp%2Fv2%2Fcategories&post=8430"},{"taxonomy":"post_tag","embeddable":true,"href":"http:\/\/unfe.fr\/index.php?rest_route=%2Fwp%2Fv2%2Ftags&post=8430"}],"curies":[{"name":"wp","href":"https:\/\/api.w.org\/{rel}","templated":true}]}}