{"id":8804,"date":"2022-09-30T09:22:46","date_gmt":"2022-09-30T07:22:46","guid":{"rendered":"http:\/\/unfe.fr\/?p=8804"},"modified":"2022-09-30T09:22:47","modified_gmt":"2022-09-30T07:22:47","slug":"mise-en-valeur-des-metteurs-en-valeur-merci-a-eux","status":"publish","type":"post","link":"http:\/\/unfe.fr\/?p=8804","title":{"rendered":"Mise en valeur des metteurs en valeur : MERCI \u00e0 eux !"},"content":{"rendered":"\n<h2 class=\"wp-block-heading\">Le Football Entreprise tisse sa toile&nbsp;<\/h2>\n\n\n\n<p>L\u2019<strong>UNFE <\/strong>et le Football Entreprise qu\u2019elle d\u00e9fend et souhaite d\u00e9velopper, sont actuellement dans une phase positive et encourageante m\u00eame si nos dirigeants b\u00e9n\u00e9voles sont bien conscients qu\u2019il existe encore des difficult\u00e9s avec des clubs contraints de stopper leur activit\u00e9. Les clubs dits \u2018\u2019<em>civils ou<\/em> <em>du dimanche<\/em>\u2019\u2019 n\u2019\u00e9chappent d\u2019ailleurs pas \u00e0 la r\u00e8gle.<br>Pour communiquer, nous utilisons, certes, Linkedin, Facebook, notre Newsletter mensuelle et notre site web mais nous souhaitons, \u00e0 l\u2019appui de toutes les bonnes volont\u00e9s, cr\u00e9er un v\u00e9ritable r\u00e9seau d\u2019information et de partage partout en France.<br>Car l\u2019id\u00e9e de nous f\u00e9d\u00e9rer sous la forme d\u2019une communaut\u00e9 nous semble pertinente.<br>Aujourd\u2019hui, sur Facebook, une dizaine de pages officielles sont en place&nbsp;pour mettre en lumi\u00e8re le Football Entreprise et notre action actuelle consiste \u00e0 ordonnancer et dynamiser toutes ces \u00e9nergies :<\/p>\n\n\n\n<p>PLANETE FOOT ENTREPRISE GIRONDE&nbsp;: <a href=\"https:\/\/www.facebook.com\/Footentreprisegironde\">https:\/\/www.facebook.com\/Footentreprisegironde<\/a><br>PLANETE&nbsp;FOOT ENTREPRISE CORSE&nbsp;:&nbsp;<a rel=\"noreferrer noopener\" href=\"https:\/\/www.facebook.com\/groups\/384098282261435\" target=\"_blank\">https:\/\/www.facebook.com\/groups\/384098282261435<\/a><br>PLANETE&nbsp;FOOT ENTREPRISE ET CRITERIUME IDF&nbsp;:&nbsp;<a rel=\"noreferrer noopener\" href=\"https:\/\/www.facebook.com\/groups\/324310937708787\" target=\"_blank\">https:\/\/www.facebook.com\/groups\/324310937708787<\/a><br>PLANETE&nbsp;FOOT ENTREPRISE NORMANDIE&nbsp;:&nbsp;<a rel=\"noreferrer noopener\" href=\"https:\/\/www.facebook.com\/groups\/665237314427472\" target=\"_blank\">https:\/\/www.facebook.com\/groups\/665237314427472<\/a><br>PLANETE&nbsp;FOOT SANTE &amp; ENTREPRISE HAUTS DE France&nbsp;: <a href=\"https:\/\/www.facebook.com\/profile.php?id=100083615250481\">https:\/\/www.facebook.com\/profile.php?id=100083615250481<\/a><br>FOOT ENTREPRISE 59 62&nbsp;:&nbsp;<a rel=\"noreferrer noopener\" href=\"https:\/\/www.facebook.com\/footentreprise59.62\" target=\"_blank\">https:\/\/www.facebook.com\/footentreprise59.62<\/a><br>FOOT ENTREPRISE 44&nbsp;:&nbsp;<a rel=\"noreferrer noopener\" href=\"https:\/\/www.facebook.com\/search\/top?q=foot%20entreprise%2044\" target=\"_blank\">https:\/\/www.facebook.com\/search\/top?q=foot%20entreprise%2044<\/a><br>FOOT ENTREPRISE COTE D\u2019AZUR<strong>&nbsp;: <\/strong><a href=\"https:\/\/www.facebook.com\/footentreprisecotedazur\">https:\/\/www.facebook.com\/footentreprisecotedazur<\/a><br>UCEFF&nbsp;:&nbsp;<a rel=\"noreferrer noopener\" href=\"https:\/\/www.facebook.com\/unionfootballentrepriseIDF\" target=\"_blank\">https:\/\/www.facebook.com\/unionfootballentrepriseIDF<\/a><br>UNFE&nbsp;: <a href=\"https:\/\/www.facebook.com\/unfefoot\">https:\/\/www.facebook.com\/unfefoot<\/a><\/p>\n\n\n\n<hr class=\"wp-block-separator\"\/>\n\n\n\n<p>D\u2019autres sont en cours d\u2018\u00e9laboration et vont prochainement\u2026 poindre.<br>Pour animer et enrichir ces supports, beaucoup de b\u00e9n\u00e9voles \u0153uvrent pour vous et dans l\u2019ombre. Nous allons essayer de les pr\u00e9senter sachant que nous en oublions assur\u00e9ment. Qu\u2019ils nous excusent&nbsp;!<\/p>\n\n\n\n<div class=\"wp-block-media-text alignwide is-stacked-on-mobile\" style=\"grid-template-columns:20% auto\"><figure class=\"wp-block-media-text__media\"><img decoding=\"async\" loading=\"lazy\" width=\"177\" height=\"277\" src=\"https:\/\/i0.wp.com\/unfe.frwp-content\/uploads\/2022\/09\/planet-ilos.jpg?resize=177%2C277&#038;ssl=1\" alt=\"\" class=\"wp-image-8810 size-full\" data-recalc-dims=\"1\"\/><\/figure><div class=\"wp-block-media-text__content\">\n<p class=\"has-normal-font-size\">PLANETE FOOT ENTREPRISE GIRONDE est n\u00e9 il y a quelques semaines et le tr\u00e8s convaincu Michael <strong>DARRICARRERE&nbsp; (BOUYGUES Foot Entreprise M\u00e9rignac)<\/strong>, l\u2019inspirateur Jimmy LOUBEYRE (ESPACE FOOT Bordeaux) et le talentueux <strong>Mickael ILOS<\/strong> (Dassault Bordeaux Sports), n\u2019y sont pas pour rien.<br><\/p>\n\n\n\n<p><strong><em>Photo : Mickael ILOS<\/em><\/strong><\/p>\n<\/div><\/div>\n\n\n\n<p><\/p>\n\n\n\n<p><strong>Michael DARRICARRERE<\/strong> est un bon joueur pass\u00e9 par de nombreux clubs girondins. Il sait faciliter les relations, touche \u00e0 tout et s\u2019est tr\u00e8s vite appropri\u00e9 les outils mis en place par Mickael ILOS (Exemple&nbsp;: CANVA, outil de design graphique en ligne). Ce dernier, en plus d\u2019\u00eatre joueur dans son club est ost\u00e9opathe de profession dans la ville de Tresses en proche banlieue Est de Bordeaux. Il est accompagn\u00e9 dans le domaine de la communication de son club par Antony DUPUY, Pr\u00e9sident.<br><strong>Jimmy LOUBEYRE<\/strong> est g\u00e9rant d\u2019un magasin ESPACE FOOT Bordeaux (marque implant\u00e9e partout en France). Il est tr\u00e8s actif en plus de son activit\u00e9 de coach et de Pr\u00e9sident de club. Rappelons que le club d\u2019ESPACE FOOT Bordeaux a \u00e9t\u00e9 demi-finaliste de la Coupe nationale FE l\u2019an dernier, battu aux tirs au but par le vainqueur final&nbsp;: l\u2019APSAP Emile ROUX Limeil-Br\u00e9vannes.<\/p>\n\n\n\n<div class=\"wp-block-cover aligncenter has-background-dim\"><img decoding=\"async\" loading=\"lazy\" width=\"715\" height=\"410\" class=\"wp-block-cover__image-background wp-image-8817\" alt=\"\" src=\"https:\/\/i0.wp.com\/unfe.frwp-content\/uploads\/2022\/09\/p-gironde-1.jpg?resize=715%2C410&#038;ssl=1\" data-object-fit=\"cover\" srcset=\"https:\/\/i0.wp.com\/unfe.fr\/wp-content\/uploads\/2022\/09\/p-gironde-1.jpg?w=715 715w, https:\/\/i0.wp.com\/unfe.fr\/wp-content\/uploads\/2022\/09\/p-gironde-1.jpg?resize=300%2C172 300w\" sizes=\"(max-width: 715px) 100vw, 715px\" data-recalc-dims=\"1\" \/><div class=\"wp-block-cover__inner-container is-layout-flow wp-block-cover-is-layout-flow\">\n<p class=\"has-text-align-justify has-white-color has-text-color has-normal-font-size\"><strong><span style=\"text-decoration: underline;\">Michael DARRICARRERE<\/span><\/strong> est un bon joueur pass\u00e9 par de nombreux clubs girondins. Il sait faciliter les relations, touche \u00e0 tout et s\u2019est tr\u00e8s vite appropri\u00e9 les outils mis en place par Mickael ILOS (Exemple&nbsp;: CANVA, outil de design graphique en ligne). Ce dernier, en plus d\u2019\u00eatre joueur dans son club est ost\u00e9opathe de profession dans la ville de Tresses en proche banlieue Est de Bordeaux. Il est accompagn\u00e9 dans le domaine de la communication de son club par Antony DUPUY, Pr\u00e9sident.<br><br><strong><span style=\"text-decoration: underline;\">Jimmy LOUBEYRE<\/span><\/strong> est g\u00e9rant d\u2019un magasin ESPACE FOOT Bordeaux (marque implant\u00e9e partout en France). Il est tr\u00e8s actif en plus de son activit\u00e9 de coach et de Pr\u00e9sident de club. Rappelons que le club d\u2019ESPACE FOOT Bordeaux a \u00e9t\u00e9 demi-finaliste de la Coupe nationale FE l\u2019an dernier, battu aux tirs au but par le vainqueur final&nbsp;: l\u2019APSAP Emile ROUX Limeil-Br\u00e9vannes. <\/p>\n<\/div><\/div>\n\n\n\n<p><\/p>\n\n\n\n<p>Apr\u00e8s&nbsp;avoir b\u00e9n\u00e9fici\u00e9 d&#8217;une formation acc\u00e9l\u00e9r\u00e9e faite&nbsp;par Micka\u00ebl ILOS, Anthony MAHOUTO,&nbsp;Pr\u00e9sident du club de&nbsp; RHS Sports g\u00e8re d\u00e9sormais les mises \u00e0 jour et les publications de la D3. <br>Cette Page qui remporte d\u00e9j\u00e0 un franc succ\u00e8s, pourra servir de mod\u00e8le pour d&#8217;autres secteurs qui ont des comp\u00e9titions entreprises ou non. Une tr\u00e8s belle vitrine pour&nbsp;le Foot Entreprise et un bel exemple du savoir faire et des r\u00e9alisations b\u00e9n\u00e9voles que peuvent produire les multiples talents qui s&#8217;expriment d\u00e9j\u00e0 au sein de nos clubs<\/p>\n\n\n\n<div class=\"wp-block-media-text alignwide has-media-on-the-right is-stacked-on-mobile\" style=\"grid-template-columns:auto 27%\"><figure class=\"wp-block-media-text__media\"><img decoding=\"async\" loading=\"lazy\" width=\"419\" height=\"344\" src=\"https:\/\/i0.wp.com\/unfe.frwp-content\/uploads\/2022\/09\/PLANET-ARNAUD-LABUDA.jpg?resize=419%2C344&#038;ssl=1\" alt=\"\" class=\"wp-image-8807 size-full\" srcset=\"https:\/\/i0.wp.com\/unfe.fr\/wp-content\/uploads\/2022\/09\/PLANET-ARNAUD-LABUDA.jpg?w=419 419w, https:\/\/i0.wp.com\/unfe.fr\/wp-content\/uploads\/2022\/09\/PLANET-ARNAUD-LABUDA.jpg?resize=300%2C246 300w\" sizes=\"(max-width: 419px) 100vw, 419px\" data-recalc-dims=\"1\" \/><\/figure><div class=\"wp-block-media-text__content\">\n<p class=\"has-normal-font-size\">En Ile de France, saluons le superbe travail d\u2019<strong>Arnaud LABUDA<\/strong>, Secr\u00e9taire et joueur du club des Hospitaliers Courses ASC, sur PLANETE&nbsp;FOOT ENTREPRISE ET CRITERIUM IDF. Ses classements des buteurs\u2026et des meilleurs passeurs des championnats du Samedi matin, sont remarquables. A noter qu\u2019Arnaud a \u00e9t\u00e9 r\u00e9compens\u00e9 l\u2019an dernier par son club pour avoir particip\u00e9 \u00e0 l\u2019int\u00e9gralit\u00e9 des s\u00e9ances d\u2019entra\u00eenement.(<span class=\"has-inline-color has-luminous-vivid-orange-color\">cf photo<\/span>)<\/p>\n<\/div><\/div>\n\n\n\n<div class=\"wp-block-media-text alignwide is-stacked-on-mobile\" style=\"grid-template-columns:17% auto\"><figure class=\"wp-block-media-text__media\"><img decoding=\"async\" loading=\"lazy\" width=\"147\" height=\"199\" src=\"https:\/\/i0.wp.com\/unfe.frwp-content\/uploads\/2022\/09\/planete-laurent-lacour.jpg?resize=147%2C199&#038;ssl=1\" alt=\"\" class=\"wp-image-8808 size-full\" data-recalc-dims=\"1\"\/><\/figure><div class=\"wp-block-media-text__content\">\n<p><strong>Mike MUYSHOND<\/strong> est \u00e9galement actif, entre autres, sur ce support principalement lors des tirages (\u00e0 la FFF) de Coupe nationales qu\u2019il filme.<br>Merci aussi \u00e0 <strong>Laurent LACOUR<\/strong> (AS Banque de France)(<span class=\"has-inline-color has-luminous-vivid-orange-color\">cf photo<\/span>) qui g\u00e8re, de main de ma\u00eetre, le classement des buteurs du championnat R1 ELITE sur le Facebook de l\u2019UCEFF.<\/p>\n\n\n\n<p><\/p>\n<\/div><\/div>\n\n\n\n<div class=\"wp-block-media-text alignwide has-media-on-the-right is-stacked-on-mobile\" style=\"grid-template-columns:auto 30%\"><figure class=\"wp-block-media-text__media\"><img decoding=\"async\" loading=\"lazy\" width=\"369\" height=\"279\" src=\"https:\/\/i0.wp.com\/unfe.frwp-content\/uploads\/2022\/09\/PLANET-44-THIBAUD-BOEDEC.jpg?resize=369%2C279&#038;ssl=1\" alt=\"\" class=\"wp-image-8809 size-full\" srcset=\"https:\/\/i0.wp.com\/unfe.fr\/wp-content\/uploads\/2022\/09\/PLANET-44-THIBAUD-BOEDEC.jpg?w=369 369w, https:\/\/i0.wp.com\/unfe.fr\/wp-content\/uploads\/2022\/09\/PLANET-44-THIBAUD-BOEDEC.jpg?resize=300%2C227 300w\" sizes=\"(max-width: 369px) 100vw, 369px\" data-recalc-dims=\"1\" \/><\/figure><div class=\"wp-block-media-text__content\">\n<p><\/p>\n\n\n\n<p>En Corse, PLANETE\u00a0FOOT ENTREPRISE CORSE\u00a0doit son activit\u00e9 \u00e0 Sandra GARDELLA (Membre du Comit\u00e9 Directeur de la Ligue de Corse et membre de la Commission de Foot Entreprise) et \u00e0 Titi AGOSTINI joueur et animateur actif du club d\u2019OCANA Entreprises et du FE en Corse.<br>FOOT ENTREPRISE 44\u00a0est actif gr\u00e2ce au travail de Thibaud BOEDEC (<span class=\"has-inline-color has-luminous-vivid-orange-color\">cf photo<\/span>) du club d\u2019ORVAULT Bugalli\u00e8re qui poss\u00e8de deux \u00e9quipes en FE avec un effectif tr\u00e8s jeune.<\/p>\n<\/div><\/div>\n\n\n\n<div class=\"wp-block-media-text alignwide is-stacked-on-mobile\" style=\"grid-template-columns:17% auto\"><figure class=\"wp-block-media-text__media\"><img decoding=\"async\" loading=\"lazy\" width=\"195\" height=\"285\" src=\"https:\/\/i0.wp.com\/unfe.frwp-content\/uploads\/2022\/09\/planete-jocely-bnernieres2.jpg?resize=195%2C285&#038;ssl=1\" alt=\"\" class=\"wp-image-8811 size-full\" data-recalc-dims=\"1\"\/><\/figure><div class=\"wp-block-media-text__content\">\n<p>PLANETE&nbsp;FOOT ENTREPRISE NORMANDIE&nbsp;doit beaucoup au dynamisme d\u2019<strong>Antoine LECHEVALIER<\/strong> (APTAR et CACS) et \u00e0 sa grande volont\u00e9 pour d\u00e9fendre le Football Entreprise. J<strong>ocelyn BERNIERES <\/strong>(AGS)(<span class=\"has-inline-color has-luminous-vivid-orange-color\">cf photo<\/span>) et <strong>J\u00e9r\u00e9mie CHARHANI<\/strong> sont \u00e9galement parties prenantes.<br>Dans les Hauts de France, PLANETE&nbsp;FOOT SANTE &amp; ENTREPRISE HAUTS DE France&nbsp;et FOOT ENTREPRISE 59 62&nbsp;mettent en valeur le FE dans cette ligue de fa\u00e7on diff\u00e9rente gr\u00e2ce \u00e0 <strong>Philippe BAUDEMONT<\/strong>,<strong> Micka\u00ebl LEMAIRE et Florian CAZ\u00c9<\/strong>, et \u00e0 son club des Hospitaliers Valenciennes.<\/p>\n<\/div><\/div>\n\n\n\n<p><strong><br><\/strong>Comme vous pouvez le constater, Ils sont donc d\u00e9j\u00e0 nombreux \u00e0 s\u2019investir, non seulement dans leurs clubs respectifs mais aussi pour l\u2019int\u00e9r\u00eat du collectif. Si vous souhaitez rejoindre cette belle \u00e9quipe, n\u2019h\u00e9sitez plus et contactez-nous.<\/p>\n\n\n\n<div class=\"wp-block-media-text alignwide is-stacked-on-mobile\"><figure class=\"wp-block-media-text__media\"><a href=\"https:\/\/www.facebook.com\/footentreprisecotedazur\"><img decoding=\"async\" loading=\"lazy\" width=\"513\" height=\"180\" src=\"https:\/\/i0.wp.com\/unfe.frwp-content\/uploads\/2022\/09\/p-cote-azur.jpg?resize=513%2C180&#038;ssl=1\" alt=\"\" class=\"wp-image-8824 size-full\" srcset=\"https:\/\/i0.wp.com\/unfe.fr\/wp-content\/uploads\/2022\/09\/p-cote-azur.jpg?w=513 513w, https:\/\/i0.wp.com\/unfe.fr\/wp-content\/uploads\/2022\/09\/p-cote-azur.jpg?resize=300%2C105 300w\" sizes=\"(max-width: 513px) 100vw, 513px\" data-recalc-dims=\"1\" \/><\/a><\/figure><div class=\"wp-block-media-text__content\">\n<p class=\"has-normal-font-size\">Dans le sud, <strong>Arezki KESSACI<\/strong> (AMADEUS A.A. et membre du CA de l\u2019UNFE) vient de lancer FOOT ENTREPRISE COTE D\u2019AZUR, une page d\u00e9di\u00e9e au Football Entreprise dans le District de la C\u00f4te d\u2019Azur. Il est \u00e0 recherche de soutiens pour l\u2019accompagner<strong>.<\/strong><\/p>\n\n\n\n<p>Enfin Marine TESTE et Allan ASTIER (ASC BNPP) apportent leurs pierres pr\u00e9cieuses \u00e0 l&#8217;\u00e9difice Facebook UNFE.<\/p>\n<\/div><\/div>\n\n\n\n<h4 class=\"wp-block-heading\">Unir nos forces : qu\u2019en pensez-vous&nbsp;?<\/h4>\n\n\n\n<p>Nous souhaitons d\u00e9velopper ce r\u00e9seau dans toutes les ligues et agr\u00e9ger nos forces. Nous avons besoin de personnes qui pourraient \u00eatre int\u00e9ress\u00e9es et motiv\u00e9es pour lancer la page&nbsp;PLANETE&nbsp;FOOT&nbsp;ENTREPRISE de leur Ligue ou District.<br>Nous vous proposons aujourd\u2019hui de r\u00e9fl\u00e9chir \u00e0 notre initiative, et de voir, si dans votre Ligue ou District, des&nbsp;joueurs ou dirigeants que vous connaissez bien, dans les clubs FE, pourraient contribuer pour lancer et animer une page de ce type.<\/p>\n\n\n\n<p>Si cette id\u00e9e vous semble int\u00e9ressante, merci de bien vouloir nous contacter :<a href=\"https:\/\/unfe.fr\">https:\/\/unfe.fr<\/a><\/p>\n\n\n\n<figure class=\"wp-block-table\"><table><tbody><tr><td class=\"has-text-align-center\" data-align=\"center\"> <strong>Par mail (<a href=\"mailto:contact@unfe.fr\">contact@unfe.fr<\/a>) ou par t\u00e9l\u00e9phone (Philippe BAUDEMONT&nbsp;: 06 82 71 74 51).<\/strong> <\/td><\/tr><\/tbody><\/table><\/figure>\n\n\n\n<p> Merci \u00e0 vous pour votre contribution <\/p>\n\n\n\n<div class=\"wp-block-buttons is-layout-flex wp-block-buttons-is-layout-flex\">\n<div class=\"wp-block-button\"><a class=\"wp-block-button__link\" href=\"https:\/\/unfe.fr\" target=\"_blank\" rel=\"noreferrer noopener\">En savoir plus sur l&#8217;UNFE<\/a><\/div>\n<\/div>\n\n\n\n<p><\/p>\n","protected":false},"excerpt":{"rendered":"<p>Le Football Entreprise tisse sa toile&nbsp; L\u2019UNFE et le Football Entreprise qu\u2019elle d\u00e9fend et souhaite d\u00e9velopper, sont actuellement dans une phase positive et encourageante m\u00eame si nos dirigeants b\u00e9n\u00e9voles sont bien conscients qu\u2019il existe encore des difficult\u00e9s avec des clubs contraints de stopper leur activit\u00e9. Les clubs dits \u2018\u2019civils ou du dimanche\u2019\u2019 n\u2019\u00e9chappent d\u2019ailleurs pas [&hellip;]<\/p>\n","protected":false},"author":3,"featured_media":8805,"comment_status":"open","ping_status":"closed","sticky":false,"template":"","format":"standard","meta":{"_monsterinsights_skip_tracking":false,"_monsterinsights_sitenote_active":false,"_monsterinsights_sitenote_note":"","_monsterinsights_sitenote_category":0,"footnotes":""},"categories":[11,13],"tags":[],"jetpack_sharing_enabled":true,"jetpack_featured_media_url":"https:\/\/i0.wp.com\/unfe.fr\/wp-content\/uploads\/2022\/09\/facebook-page-de-garde.jpg?fit=849%2C477","_links":{"self":[{"href":"http:\/\/unfe.fr\/index.php?rest_route=\/wp\/v2\/posts\/8804"}],"collection":[{"href":"http:\/\/unfe.fr\/index.php?rest_route=\/wp\/v2\/posts"}],"about":[{"href":"http:\/\/unfe.fr\/index.php?rest_route=\/wp\/v2\/types\/post"}],"author":[{"embeddable":true,"href":"http:\/\/unfe.fr\/index.php?rest_route=\/wp\/v2\/users\/3"}],"replies":[{"embeddable":true,"href":"http:\/\/unfe.fr\/index.php?rest_route=%2Fwp%2Fv2%2Fcomments&post=8804"}],"version-history":[{"count":22,"href":"http:\/\/unfe.fr\/index.php?rest_route=\/wp\/v2\/posts\/8804\/revisions"}],"predecessor-version":[{"id":8836,"href":"http:\/\/unfe.fr\/index.php?rest_route=\/wp\/v2\/posts\/8804\/revisions\/8836"}],"wp:featuredmedia":[{"embeddable":true,"href":"http:\/\/unfe.fr\/index.php?rest_route=\/wp\/v2\/media\/8805"}],"wp:attachment":[{"href":"http:\/\/unfe.fr\/index.php?rest_route=%2Fwp%2Fv2%2Fmedia&parent=8804"}],"wp:term":[{"taxonomy":"category","embeddable":true,"href":"http:\/\/unfe.fr\/index.php?rest_route=%2Fwp%2Fv2%2Fcategories&post=8804"},{"taxonomy":"post_tag","embeddable":true,"href":"http:\/\/unfe.fr\/index.php?rest_route=%2Fwp%2Fv2%2Ftags&post=8804"}],"curies":[{"name":"wp","href":"https:\/\/api.w.org\/{rel}","templated":true}]}}