{"id":8968,"date":"2022-12-26T09:38:41","date_gmt":"2022-12-26T08:38:41","guid":{"rendered":"http:\/\/unfe.fr\/?p=8968"},"modified":"2022-12-26T09:38:42","modified_gmt":"2022-12-26T08:38:42","slug":"quel-est-le-dirigeant-foot-entreprise-de-2022","status":"publish","type":"post","link":"http:\/\/unfe.fr\/?p=8968","title":{"rendered":"Quel est le \u2018\u2019Dirigeant Foot Entreprise de 2022\u2019\u2019 ?"},"content":{"rendered":"\n<h2 class=\"wp-block-heading\">Mohand Arezki KESSACI (AMADEUS A.A. \u2013 District C\u00f4te d\u2019Azur)<\/h2>\n\n\n\n<p>Apr\u00e8s Antoine LECHEVALIER puis Momo KIRRI qui avaient \u00e9t\u00e9 \u00e9lus \u2018\u2019Dirigeants FE de l\u2019ann\u00e9e\u2019\u2019 en 2018 et 2021, c\u2019est \u00e0 l\u2019azur\u00e9en Mohand Arezki KESSACI que nous attribuons le troph\u00e9e du \u2018\u2019Dirigeant FE 2022\u2019\u2019.<\/p>\n\n\n\n<p>Il ne s\u2019agit, certes, que d\u2019un titre honorifique mais il montre que le Football Entreprise est tr\u00e8s actif partout en France gr\u00e2ce \u00e0 des b\u00e9n\u00e9voles qui ne m\u00e9nagent pas leur peine pour le redynamiser. <br>Mettre en avant un dirigeant b\u00e9n\u00e9vole est une initiative qui colle parfaitement aux valeurs du Football Entreprise et m\u00eame si Arezki b\u00e9n\u00e9ficie cette ann\u00e9e de ce coup de projecteur, d\u2019autres dirigeants tout aussi m\u00e9ritants auraient pu se voir attribuer ce titre. Daniel GRANDCOING par exemple aurait pu \u00e9galement y pr\u00e9tendre.<br>Qu\u2019ils en soient remerci\u00e9s\u00a0du c\u00f4t\u00e9 de Limeil Brevannes, Bordeaux, Ajaccio, Clermont Ferrand, Reims, Nantes et d\u2019ailleurs !\u00a0\u00a0<\/p>\n\n\n\n<div class=\"wp-block-image\"><figure class=\"aligncenter size-full is-resized\"><img decoding=\"async\" loading=\"lazy\" src=\"https:\/\/i0.wp.com\/unfe.frwp-content\/uploads\/2022\/12\/arezki2.jpg?resize=677%2C533&#038;ssl=1\" alt=\"\" class=\"wp-image-8970\" width=\"677\" height=\"533\" srcset=\"https:\/\/i0.wp.com\/unfe.fr\/wp-content\/uploads\/2022\/12\/arezki2.jpg?w=762 762w, https:\/\/i0.wp.com\/unfe.fr\/wp-content\/uploads\/2022\/12\/arezki2.jpg?resize=300%2C236 300w\" sizes=\"(max-width: 677px) 100vw, 677px\" data-recalc-dims=\"1\" \/><\/figure><\/div>\n\n\n\n<div class=\"wp-block-media-text alignwide is-stacked-on-mobile\" style=\"grid-template-columns:15% auto\"><figure class=\"wp-block-media-text__media\"><img decoding=\"async\" loading=\"lazy\" width=\"132\" height=\"355\" src=\"https:\/\/i0.wp.com\/unfe.frwp-content\/uploads\/2022\/12\/arezki-panini.jpg?resize=132%2C355&#038;ssl=1\" alt=\"\" class=\"wp-image-8971 size-full\" srcset=\"https:\/\/i0.wp.com\/unfe.fr\/wp-content\/uploads\/2022\/12\/arezki-panini.jpg?w=132 132w, https:\/\/i0.wp.com\/unfe.fr\/wp-content\/uploads\/2022\/12\/arezki-panini.jpg?resize=112%2C300 112w\" sizes=\"(max-width: 132px) 100vw, 132px\" data-recalc-dims=\"1\" \/><\/figure><div class=\"wp-block-media-text__content\">\n<p>Arezki, alias \u2018\u2019Arez\u2019\u2019 ou &#8221;Pr\u00e9sident&#8221;, fait partie de ces b\u00e9n\u00e9voles discrets mais tr\u00e8s efficaces. Mari\u00e9, 3 enfants et \u00e2g\u00e9 de 37 ans, il est arriv\u00e9 au club d&#8217;AMADEUS AA en 2013<br>Son m\u00e9tier d\u2019expert&nbsp;en d\u00e9veloppement de logiciels chez AMADEUS IT GROUP (*), apr\u00e8s des \u00e9tudes d\u2019ing\u00e9nieur \u00e0 TELECOM SUD Paris et \u00e0 Dublin, t\u00e9moigne de qualit\u00e9 techniques, de rigueur, de pr\u00e9cision, de m\u00e9thode mais aussi d\u2019innovation, de r\u00e9activit\u00e9 et surtout d\u2019initiative.<\/p>\n\n\n\n<p>Des INITIATIVES, Arezki en prend r\u00e9guli\u00e8rement pour son club, pour son District de C\u00f4te d\u2019Azur, puisqu\u2019il est Pr\u00e9sident de la Commission Football Entreprise et plus globalement pour le Football Entreprise&nbsp;: t\u00e9moin son id\u00e9e devenue \u00e9v\u00e8nement qui consistait \u00e0 cr\u00e9er, avec son correspondant mon\u00e9gasque Christian MICHELIS, un Challenge appel\u00e9 \u00e0 se renouveler chaque ann\u00e9e, de fa\u00e7on altern\u00e9e, r\u00e9unissant le vainqueur du Challenge Prince RAINIER III \u00e0 Monaco au vainqueur du Championnat Football Entreprise du District de la C\u00f4te d\u2019Azur. En 2022, c\u2019est SAS La Princesse St\u00e9phanie de Monaco qui a remis, en mains propres, le magnifique Troph\u00e9e aux joueurs de l\u2018ASPTT Cagnes-sur-Mer vainqueurs des Carabiniers du Prince (2-0)<\/p>\n\n\n\n<p><\/p>\n<\/div><\/div>\n\n\n\n<div class=\"wp-block-media-text alignwide has-media-on-the-right is-stacked-on-mobile\" style=\"grid-template-columns:auto 46%\"><figure class=\"wp-block-media-text__media\"><img decoding=\"async\" loading=\"lazy\" width=\"524\" height=\"370\" src=\"https:\/\/i0.wp.com\/unfe.frwp-content\/uploads\/2022\/12\/arezki-gardien-de-but.jpg?resize=524%2C370&#038;ssl=1\" alt=\"\" class=\"wp-image-8972 size-full\" srcset=\"https:\/\/i0.wp.com\/unfe.fr\/wp-content\/uploads\/2022\/12\/arezki-gardien-de-but.jpg?w=524 524w, https:\/\/i0.wp.com\/unfe.fr\/wp-content\/uploads\/2022\/12\/arezki-gardien-de-but.jpg?resize=300%2C212 300w\" sizes=\"(max-width: 524px) 100vw, 524px\" data-recalc-dims=\"1\" \/><\/figure><div class=\"wp-block-media-text__content\">\n<p>En tant que membre de sa Commission, il a \u00e9galement pris l\u2019excellente initiative de revoir, corriger et adapter tous les r\u00e8glements des comp\u00e9titions de Football Entreprise de son District.<\/p>\n\n\n\n<p>Gardien de but en championnat le 3\/12, titulaire en d\u00e9fense le 5\/10 contre NICE Garibaldi puis rempla\u00e7ant le 5\/11 contre les Municipaux Cagnes-sur-Mer, Pr\u00e9sident, Correspondant et R\u00e9f\u00e9rent COVID du club, Pr\u00e9sident de la Commission Football Entreprise du District de la C\u00f4te d\u2019Azur, membre du Conseil d\u2019Administration de l\u2019UNFE&nbsp;: une liste d\u2019activit\u00e9s, toutes b\u00e9n\u00e9voles, avec un double d\u00e9nominateur commun, son dynamisme et altruisme. Nous laisserons (presque) sur la touche son c\u00f4t\u00e9 r\u00e2leur (c\u2019est L.. M\u2026.. , joueur du club que nous ne citerons pas, qui le dit&nbsp;!)<\/p>\n\n\n\n<p><\/p>\n<\/div><\/div>\n\n\n\n<p>A l\u2019appui de tous ces \u00e9l\u00e9ments, il est ais\u00e9 de comprendre pourquoi Arezki m\u00e9ritait cette visibilit\u00e9.<\/p>\n\n\n\n<p><em>(*) AMADEUS cr\u00e9e des solutions qui permettent aux compagnies a\u00e9riennes et aux a\u00e9roports, aux h\u00f4tels et aux compagnies ferroviaires, aux moteurs de recherche, aux agences de voyages, aux tour-op\u00e9rateurs et aux autres acteurs d\u2019assurer leur activit\u00e9 et d\u2019am\u00e9liorer&nbsp;&nbsp;l\u2019exp\u00e9rience de voyage, et ce, dans le monde entier.<\/em><\/p>\n\n\n\n<figure class=\"wp-block-gallery columns-2 is-cropped wp-block-gallery-1 is-layout-flex wp-block-gallery-is-layout-flex\"><ul class=\"blocks-gallery-grid\"><li class=\"blocks-gallery-item\"><figure><img decoding=\"async\" loading=\"lazy\" width=\"661\" height=\"549\" src=\"https:\/\/i0.wp.com\/unfe.frwp-content\/uploads\/2022\/12\/arezki5j-1.jpg?resize=661%2C549&#038;ssl=1\" alt=\"\" data-id=\"8980\" data-full-url=\"https:\/\/i0.wp.com\/unfe.frwp-content\/uploads\/2022\/12\/arezki5j-1.jpg?resize=661%2C549&#038;ssl=1\" data-link=\"https:\/\/unfe.fr?attachment_id=8980\" class=\"wp-image-8980\" srcset=\"https:\/\/i0.wp.com\/unfe.fr\/wp-content\/uploads\/2022\/12\/arezki5j-1.jpg?w=661 661w, https:\/\/i0.wp.com\/unfe.fr\/wp-content\/uploads\/2022\/12\/arezki5j-1.jpg?resize=300%2C249 300w\" sizes=\"(max-width: 661px) 100vw, 661px\" data-recalc-dims=\"1\" \/><\/figure><\/li><li class=\"blocks-gallery-item\"><figure><img decoding=\"async\" src=\"https:\/\/i0.wp.com\/unfe.frwp-content\/uploads\/2022\/12\/arezki6-1.jpg?w=1200&#038;ssl=1\" alt=\"\" data-id=\"8981\" data-full-url=\"https:\/\/i0.wp.com\/unfe.frwp-content\/uploads\/2022\/12\/arezki6-1.jpg?w=1200&#038;ssl=1\" data-link=\"https:\/\/unfe.fr?attachment_id=8981\" class=\"wp-image-8981\" data-recalc-dims=\"1\"\/><\/figure><\/li><\/ul><\/figure>\n\n\n\n<ul><li>Une enqu\u00eate en local a permis de mettre en \u00e9vidence ses principales&nbsp;qualit\u00e9s&#8230; et aussi quelques petits d\u00e9fauts :&nbsp;<\/li><\/ul>\n\n\n\n<p><strong><span style=\"text-decoration: underline;\"><span class=\"has-inline-color has-luminous-vivid-orange-color\">Ses principales qualit\u00e9s<\/span> :<\/span><\/strong><br>En dehors du terrain, Arezki est toujours l\u00e0 quand on a besoin de lui.&nbsp;<br>Sur le terrain, il sait aussi bien d\u00e9fendre que relancer. Il est capable de jouer des deux pieds, avec une bonne qualit\u00e9 de centres. Dans les buts il est tr\u00e8s fort sur sa ligne et utilise beaucoup son jeu au pied.&nbsp;<\/p>\n\n\n\n<p><strong><span style=\"text-decoration: underline;\"><span class=\"has-inline-color has-luminous-vivid-orange-color\">Son principal d\u00e9faut :<\/span><\/span><\/strong> &nbsp;<br>Sa motivation fait qu&#8217;il a tendance&nbsp;\u00e0 gueuler (beaucoup) trop, m\u00eame s&#8217;il y a de l&#8217;am\u00e9lioration avec l&#8217;\u00e2ge.&nbsp;Il perd beaucoup d&#8217;influx nerveux \u00e0 hurler sur tous les sujets, sur ou en dehors du terrain. Dans une \u00e9quipe comme la n\u00f4tre,&nbsp;c&#8217;est parfois \u00e0 contre-emploi. Footballistiquement, il peut encore am\u00e9liorer son jeu de t\u00eate.&nbsp;<br><br>Sa meilleure place sur le terrain: lat\u00e9ral gauche ou gardien, poste ou il fait mieux que d\u00e9panner.&nbsp;<br>Il y a plusieurs anecdotes \u00e0 son sujet :<br>Le jour o\u00f9 il a vomit en plein match et repris comme si de rien n&#8217;\u00e9tait, le jour o\u00f9 il a voulu dribbler mais a fini sur le cul.<br>Si on veut l&#8217;imiter, on prend son accent de la banlieue parisienne et on crie &#8220;LES BALLOOOOONS&#8221;.&nbsp;On aime bien le faire rager<\/p>\n\n\n\n<figure class=\"wp-block-gallery columns-2 is-cropped wp-block-gallery-3 is-layout-flex wp-block-gallery-is-layout-flex\"><ul class=\"blocks-gallery-grid\"><li class=\"blocks-gallery-item\"><figure><img decoding=\"async\" src=\"https:\/\/i0.wp.com\/unfe.frwp-content\/uploads\/2022\/12\/arezki-logo-2.jpg?w=1200&#038;ssl=1\" alt=\"\" data-id=\"8984\" data-full-url=\"https:\/\/i0.wp.com\/unfe.frwp-content\/uploads\/2022\/12\/arezki-logo-2.jpg?w=1200&#038;ssl=1\" data-link=\"https:\/\/unfe.fr?attachment_id=8984\" class=\"wp-image-8984\" data-recalc-dims=\"1\"\/><\/figure><\/li><li class=\"blocks-gallery-item\"><figure><img decoding=\"async\" src=\"https:\/\/i0.wp.com\/unfe.frwp-content\/uploads\/2022\/12\/arezki9-1.jpg?w=1200&#038;ssl=1\" alt=\"\" data-id=\"8986\" data-full-url=\"https:\/\/i0.wp.com\/unfe.frwp-content\/uploads\/2022\/12\/arezki9-1.jpg?w=1200&#038;ssl=1\" data-link=\"https:\/\/unfe.fr?attachment_id=8986\" class=\"wp-image-8986\" data-recalc-dims=\"1\"\/><\/figure><\/li><\/ul><\/figure>\n\n\n\n<figure class=\"wp-block-gallery columns-2 is-cropped wp-block-gallery-5 is-layout-flex wp-block-gallery-is-layout-flex\"><ul class=\"blocks-gallery-grid\"><li class=\"blocks-gallery-item\"><figure><img decoding=\"async\" src=\"https:\/\/i0.wp.com\/unfe.frwp-content\/uploads\/2022\/12\/arezki1-2.jpg?w=1200&#038;ssl=1\" alt=\"\" data-id=\"8985\" data-full-url=\"https:\/\/i0.wp.com\/unfe.frwp-content\/uploads\/2022\/12\/arezki1-2.jpg?w=1200&#038;ssl=1\" data-link=\"https:\/\/unfe.fr?attachment_id=8985\" class=\"wp-image-8985\" data-recalc-dims=\"1\"\/><\/figure><\/li><li class=\"blocks-gallery-item\"><figure><img decoding=\"async\" loading=\"lazy\" width=\"944\" height=\"519\" src=\"https:\/\/i0.wp.com\/unfe.frwp-content\/uploads\/2022\/12\/arezki-a-encadrer.jpg?resize=944%2C519&#038;ssl=1\" alt=\"\" data-id=\"8987\" data-full-url=\"https:\/\/i0.wp.com\/unfe.frwp-content\/uploads\/2022\/12\/arezki-a-encadrer.jpg?resize=944%2C519&#038;ssl=1\" data-link=\"https:\/\/unfe.fr?attachment_id=8987\" class=\"wp-image-8987\" srcset=\"https:\/\/i0.wp.com\/unfe.fr\/wp-content\/uploads\/2022\/12\/arezki-a-encadrer.jpg?w=944 944w, https:\/\/i0.wp.com\/unfe.fr\/wp-content\/uploads\/2022\/12\/arezki-a-encadrer.jpg?resize=300%2C165 300w, https:\/\/i0.wp.com\/unfe.fr\/wp-content\/uploads\/2022\/12\/arezki-a-encadrer.jpg?resize=768%2C422 768w\" sizes=\"(max-width: 944px) 100vw, 944px\" data-recalc-dims=\"1\" \/><\/figure><\/li><\/ul><\/figure>\n\n\n\n<p>Nous avons \u00e9galement recueilli l&#8217;avis, et nous les en remercions, de certains licenci\u00e9s du club, joueurs et dirigeants, qui le c\u00f4toient r\u00e9guli\u00e8rement :<\/p>\n\n\n\n<p><strong><span class=\"has-inline-color has-vivid-cyan-blue-color\"><em>Sans la volont\u00e9 et la pr\u00e9sence d&#8217;Arez le club n&#8217;existerait plus aujourd&#8217;hui. Son \u00e9nergie et sa motivation pour relancer le foot entreprise et maintenir le club sont sans \u00e9gales.&nbsp;Il est le garant de l&#8217;\u00e9tat d&#8217;esprit et de la coh\u00e9sion de notre club. Ultra impliqu\u00e9, toujours pr\u00e9sent, sur et en dehors du terrain, il est le pilier des Eagles.&nbsp;<br>Sur le terrain il arpente inlassablement le couloir gauche, demandant syst\u00e9matiquement le ballon, hurlant quand il n&#8217;est pas assez servi (soit tout le temps selon lui). Il ne se cache jamais et prend ses responsabilit\u00e9s, comme lorsqu&#8217;il faut tirer son penalty en coupe contre les PTT Cagnes apr\u00e8s un \u00e9norme match &#8230; dans les bois, match dans lequel il nous maintient en vie pour arriver jusqu&#8217;\u00e0 la s\u00e9ance de tirs aux&nbsp;buts.&nbsp;Un poste qu&#8217;il a occup\u00e9 r\u00e9guli\u00e8rement au gr\u00e9 des absences des sp\u00e9cialistes et toujours avec brio. Arezki c&#8217;est un sens de l&#8217;engagement et des valeurs de l&#8217;\u00e9quipe au dessus du reste.&nbsp;<\/em><\/span><\/strong><\/p>\n\n\n\n<p><strong>On l&#8217;aime et le respecte immens\u00e9ment pour tout cela.<\/strong><br><strong>MERCI&nbsp;<\/strong><\/p>\n","protected":false},"excerpt":{"rendered":"<p>Mohand Arezki KESSACI (AMADEUS A.A. \u2013 District C\u00f4te d\u2019Azur) Apr\u00e8s Antoine LECHEVALIER puis Momo KIRRI qui avaient \u00e9t\u00e9 \u00e9lus \u2018\u2019Dirigeants FE de l\u2019ann\u00e9e\u2019\u2019 en 2018 et 2021, c\u2019est \u00e0 l\u2019azur\u00e9en Mohand Arezki KESSACI que nous attribuons le troph\u00e9e du \u2018\u2019Dirigeant FE 2022\u2019\u2019. Il ne s\u2019agit, certes, que d\u2019un titre honorifique mais il montre que le [&hellip;]<\/p>\n","protected":false},"author":3,"featured_media":8976,"comment_status":"open","ping_status":"closed","sticky":false,"template":"","format":"standard","meta":{"_monsterinsights_skip_tracking":false,"_monsterinsights_sitenote_active":false,"_monsterinsights_sitenote_note":"","_monsterinsights_sitenote_category":0,"footnotes":""},"categories":[12,11,13],"tags":[],"jetpack_sharing_enabled":true,"jetpack_featured_media_url":"https:\/\/i0.wp.com\/unfe.fr\/wp-content\/uploads\/2022\/12\/arezki9.jpg?fit=691%2C562","_links":{"self":[{"href":"http:\/\/unfe.fr\/index.php?rest_route=\/wp\/v2\/posts\/8968"}],"collection":[{"href":"http:\/\/unfe.fr\/index.php?rest_route=\/wp\/v2\/posts"}],"about":[{"href":"http:\/\/unfe.fr\/index.php?rest_route=\/wp\/v2\/types\/post"}],"author":[{"embeddable":true,"href":"http:\/\/unfe.fr\/index.php?rest_route=\/wp\/v2\/users\/3"}],"replies":[{"embeddable":true,"href":"http:\/\/unfe.fr\/index.php?rest_route=%2Fwp%2Fv2%2Fcomments&post=8968"}],"version-history":[{"count":8,"href":"http:\/\/unfe.fr\/index.php?rest_route=\/wp\/v2\/posts\/8968\/revisions"}],"predecessor-version":[{"id":9048,"href":"http:\/\/unfe.fr\/index.php?rest_route=\/wp\/v2\/posts\/8968\/revisions\/9048"}],"wp:featuredmedia":[{"embeddable":true,"href":"http:\/\/unfe.fr\/index.php?rest_route=\/wp\/v2\/media\/8976"}],"wp:attachment":[{"href":"http:\/\/unfe.fr\/index.php?rest_route=%2Fwp%2Fv2%2Fmedia&parent=8968"}],"wp:term":[{"taxonomy":"category","embeddable":true,"href":"http:\/\/unfe.fr\/index.php?rest_route=%2Fwp%2Fv2%2Fcategories&post=8968"},{"taxonomy":"post_tag","embeddable":true,"href":"http:\/\/unfe.fr\/index.php?rest_route=%2Fwp%2Fv2%2Ftags&post=8968"}],"curies":[{"name":"wp","href":"https:\/\/api.w.org\/{rel}","templated":true}]}}