{"id":9380,"date":"2023-03-13T08:15:41","date_gmt":"2023-03-13T07:15:41","guid":{"rendered":"http:\/\/unfe.fr\/?p=9380"},"modified":"2023-03-13T08:20:35","modified_gmt":"2023-03-13T07:20:35","slug":"coupe-nationale-le-chi-poissy-premier-qualifie-pour-les-%c2%bc","status":"publish","type":"post","link":"http:\/\/unfe.fr\/?p=9380","title":{"rendered":"COUPE NATIONALE : le Chi Poissy premier qualifi\u00e9 pour les \u00bc"},"content":{"rendered":"\n<h2 class=\"wp-block-heading\"><strong>La performance du jour pour le CHR Talence<\/strong><\/h2>\n\n\n\n<p>Cette journ\u00e9e prolifique en buts a offert son premier club qualifi\u00e9 pour les \u00bc de finale\u00a0: le CHI Poissy qui s\u2019est nettement impos\u00e9 chez une valeureuse \u00e9quipe de LIDL Cambrai.<br>Sauf erreur, le FC NIKE est \u00e0 un fil d&#8217;obtenir sa qualification, ainsi que la 1<sup>\u00e8re<\/sup> place du <strong><span style=\"text-decoration: underline;\"><span class=\"has-inline-color has-vivid-cyan-blue-color\">groupe C<\/span><\/span><\/strong>, s\u2019il prend un point lors de son prochain match, \u00e0 domicile, face au FC NOVUUS lors de la 5<sup>\u00e8me<\/sup> journ\u00e9e. Pour l\u2019instant, le parcours comptable du FC NIKE fr\u00f4le la perfection. Dans ce groupe difficile, OCANA Entreprises devra imp\u00e9rativement s\u2019imposer, si possible avec deux buts d\u2019\u00e9cart \u00e9tant donn\u00e9 le score du match aller, face \u00e0 son voisin de PIETROSELLA. La calculette risque \u00eatre de sortie lors de la 6\u00e8me et derni\u00e8re journ\u00e9e du 8 Avril.<br>Un autre club, voire deux, pourrait d\u00e8s la 5<sup>\u00e8me<\/sup> journ\u00e9e, \u00eatre qualifi\u00e9\u00a0: l\u2019USTCAR Rouen s\u2019il s\u2019impose, \u00e0 domicile et dans le derby normand, face au FC Bonsecours St L\u00e9ger. Mais ces derniers joueront leur peau car une d\u00e9faite de leur c\u00f4t\u00e9 associ\u00e9e \u00e0 une victoire envisageable de l\u2019APSAP Emile ROUX dans l\u2019autre match scellerait le sort de ce <strong><span style=\"text-decoration: underline;\"><span class=\"has-inline-color has-vivid-cyan-blue-color\">groupe B<\/span><\/span><\/strong>.<br>C\u2019est un peu le m\u00eame cas de figure dans le <strong><span style=\"text-decoration: underline;\"><span class=\"has-inline-color has-vivid-cyan-blue-color\">groupe A<\/span><\/span><\/strong> dans lequel, on l\u2019a vu, les hospitaliers de Poissy de Momo KIRRI, sont d\u00e9j\u00e0 qualifi\u00e9s. Ils vont pouvoir d\u00e9sormais consacrer leurs forces au championnat R1 IDF. En effet, d\u00e8s samedi 18 Mars, ils vont tenter de revenir sur leader de R1 IDF Air France Monti, pour ce qui est une de leur derni\u00e8re cartouche pour esp\u00e9rer la mont\u00e9e en R1 ELITE. <br><\/p>\n\n\n\n<p>Le FC LIDL n\u2019est d\u2019ailleurs pas math\u00e9matiquement \u00e9limin\u00e9 m\u00eame si le mur sera difficile \u00e0 franchir pour les nordistes. Une victoire du CHI Poissy et d\u2019AGS scellerait \u00e9galement le sort de ce groupe. Les normands, qui \u00e9taient mal partis avec un nul et une d\u00e9faite, se sont parfaitement remis en selle pour finir au galop. Le 25 Mars sera-t-il leur jour de de gloire&nbsp;!<br>Le <strong><span style=\"text-decoration: underline;\"><span class=\"has-inline-color has-vivid-cyan-blue-color\">groupe D<\/span><\/span><\/strong> est le plus \u00e9quilibr\u00e9 et les deux clubs qui en sortiront n\u2019auront pas eu un parcours ais\u00e9. L\u2019AS ORANGE, battu lors de son match en retard de championnat en milieu de semaine chez METRO (0-1) a d\u00fb laisser quelques plumes physiques puisqu\u2019il a encore \u00e9t\u00e9 battu, sur son synth\u00e9tique, par une tr\u00e8s int\u00e9ressante, sympathique et solidaire \u00e9quipe du CHR Talence. Les orangistes pensaient d\u00e9canter ce groupe avec une victoire mais ils ont d\u00e9chant\u00e9 face \u00e0 une \u00e9quipe qui a jou\u00e9 le coup parfait et qui n\u2019a pas m\u00e9nag\u00e9 ses efforts.<br>Dans l\u2019autre match, les orvaltais de l\u2019AS CTE ont engrang\u00e9 une victoire cruciale qui les place dans une bonne position. Une d\u00e9faite chez l\u2019AS ORANGE dans 15 jours les placerait dans le doute, \u00e0 l\u2019inverse de leurs h\u00f4tes qui r\u00e9int\u00e9greraient ainsi le TOP2. Attention \u00e9galement au FC ESPACE FOOT qui n\u2019a pas dit son dernier mot et qu\u2019une victoire \u00e0 Talence, le 25 Mars, remettrait en bonne place en vue du sprint final. Pronostics difficiles et suspense garanti dans ce groupe qui pourrait livrer son verdict que le 8 Avril en fin d\u2019apr\u00e8s-midi. &nbsp;<\/p>\n\n\n\n<p>Le 25 Mars, le plateau de la 5\u00e8me journ\u00e9e offrira 5 derbies entre clubs d&#8217;une m\u00eame Ligue pour \u00e9viter que les \u00e9quipes d&#8217;une m\u00eame ligue se rencontrent lors de l&#8217;ultime journ\u00e9e.  <br><\/p>\n\n\n\n<hr class=\"wp-block-separator\"\/>\n\n\n\n<figure class=\"wp-block-image size-full\"><img decoding=\"async\" loading=\"lazy\" width=\"935\" height=\"562\" src=\"https:\/\/i0.wp.com\/unfe.frwp-content\/uploads\/2023\/03\/j4-resultats.jpg?resize=935%2C562&#038;ssl=1\" alt=\"\" class=\"wp-image-9381\" srcset=\"https:\/\/i0.wp.com\/unfe.fr\/wp-content\/uploads\/2023\/03\/j4-resultats.jpg?w=935 935w, https:\/\/i0.wp.com\/unfe.fr\/wp-content\/uploads\/2023\/03\/j4-resultats.jpg?resize=300%2C180 300w, https:\/\/i0.wp.com\/unfe.fr\/wp-content\/uploads\/2023\/03\/j4-resultats.jpg?resize=768%2C462 768w\" sizes=\"(max-width: 935px) 100vw, 935px\" data-recalc-dims=\"1\" \/><\/figure>\n\n\n\n<figure class=\"wp-block-image size-large\"><img decoding=\"async\" loading=\"lazy\" width=\"1024\" height=\"581\" src=\"https:\/\/i0.wp.com\/unfe.frwp-content\/uploads\/2023\/03\/j4-classements-1024x581.jpg?resize=1024%2C581&#038;ssl=1\" alt=\"\" class=\"wp-image-9382\" srcset=\"https:\/\/i0.wp.com\/unfe.fr\/wp-content\/uploads\/2023\/03\/j4-classements.jpg?resize=1024%2C581 1024w, https:\/\/i0.wp.com\/unfe.fr\/wp-content\/uploads\/2023\/03\/j4-classements.jpg?resize=300%2C170 300w, https:\/\/i0.wp.com\/unfe.fr\/wp-content\/uploads\/2023\/03\/j4-classements.jpg?resize=768%2C435 768w, https:\/\/i0.wp.com\/unfe.fr\/wp-content\/uploads\/2023\/03\/j4-classements.jpg?w=1067 1067w\" sizes=\"(max-width: 1024px) 100vw, 1024px\" data-recalc-dims=\"1\" \/><\/figure>\n\n\n\n<p><strong><u><span class=\"has-inline-color has-vivid-cyan-blue-color\">RAPPEL (extrait du r\u00e8glement FFF)&nbsp;:<\/span><\/u><\/strong><br><em>En cas d\u2019\u00e9galit\u00e9 de points, le classement des clubs est \u00e9tabli de la fa\u00e7on suivante :<br>a) En cas d\u2019\u00e9galit\u00e9 de points pour l\u2019une quelconque des places, il est tenu compte en premier lieu du classement aux points des matchs jou\u00e9s entre les clubs ex-\u00e6quo.<br>b) En cas d\u2019\u00e9galit\u00e9 de points dans le classement des matchs jou\u00e9s entre les clubs ex\u00e6quo, ils sont d\u00e9partag\u00e9s par la diff\u00e9rence entre les buts marqu\u00e9s et les buts conc\u00e9d\u00e9s par chacun d\u2019eux sur l\u2019ensemble des matchs pris en compte pour d\u00e9terminer le classement aux points des clubs ex-\u00e6quo tels que d\u00e9fini au paragraphe a) ci-dessus.<br>c) En cas d\u2019\u00e9galit\u00e9 de diff\u00e9rence de buts entre les clubs ayant le m\u00eame nombre de points dans le classement des matchs jou\u00e9s entre les clubs ex aequo, on retient celle calcul\u00e9e sur tous les matchs du groupe.<br>d) En cas d\u2019\u00e9galit\u00e9 de diff\u00e9rence de buts sur tous les matchs, on retiendra en premier lieu et dans les m\u00eames conditions celui qui en aura marqu\u00e9 le plus grand nombre.<br>e) En cas de nouvelle \u00e9galit\u00e9, est retenu le club ayant le moins de p\u00e9nalit\u00e9 au titre du carton bleu.<br>f) En cas de nouvelle \u00e9galit\u00e9, un tirage au sort d\u00e9partage les \u00e9quipes.<\/em><\/p>\n\n\n\n<hr class=\"wp-block-separator\"\/>\n\n\n\n<div class=\"wp-block-media-text alignwide is-stacked-on-mobile\"><figure class=\"wp-block-media-text__media\"><img decoding=\"async\" loading=\"lazy\" width=\"674\" height=\"417\" src=\"https:\/\/i0.wp.com\/unfe.frwp-content\/uploads\/2023\/03\/chi-equipe.jpg?resize=674%2C417&#038;ssl=1\" alt=\"\" class=\"wp-image-9383 size-full\" srcset=\"https:\/\/i0.wp.com\/unfe.fr\/wp-content\/uploads\/2023\/03\/chi-equipe.jpg?w=674 674w, https:\/\/i0.wp.com\/unfe.fr\/wp-content\/uploads\/2023\/03\/chi-equipe.jpg?resize=300%2C186 300w\" sizes=\"(max-width: 674px) 100vw, 674px\" data-recalc-dims=\"1\" \/><\/figure><div class=\"wp-block-media-text__content\">\n<p><strong><span style=\"text-decoration: underline;\"><span class=\"has-inline-color has-vivid-cyan-blue-color\">Groupe A<\/span><\/span><\/strong><\/p>\n\n\n\n<p><strong><span style=\"text-decoration: underline;\">FC LIDL Cambrai &#8211; CHI Poissy (0-4)<\/span><\/strong><\/p>\n\n\n\n<p><br>En d\u00e9placement \u00e0 Cambrai, le CHI Poissy a fait un carton plein gr\u00e2ce \u00e0 DAGDAGUI Nabil, ABRAILI Aderrahmane et Franck KEKE (2 buts)&nbsp;: Quatre \u00e0 z\u00e9ro face \u00e0 une \u00e9quipe solide qui se bat avec ses moyens.<\/p>\n\n\n\n<p>A signaler le bon \u00e9tat d&#8217;esprit avec un arbitrage strict plus une bonne r\u00e9ception.<\/p>\n<\/div><\/div>\n\n\n\n<p><a href=\"https:\/\/www.facebook.com\/100008271846479\/videos\/pcb.2719688774837646\/216980880906022\">Vid\u00e9o d\u2019un but magnifique du CHI Poissy<\/a>&nbsp;<\/p>\n\n\n\n<p>NDLR&nbsp;: merci au vid\u00e9aste de penser, les fois prochaines, \u00e0 utiliser le format paysage<strong><span class=\"has-inline-color has-vivid-cyan-blue-color\">&nbsp;\ud83d\ude42<\/span><\/strong><\/p>\n\n\n\n<figure class=\"wp-block-gallery columns-2 is-cropped wp-block-gallery-1 is-layout-flex wp-block-gallery-is-layout-flex\"><ul class=\"blocks-gallery-grid\"><li class=\"blocks-gallery-item\"><figure><img decoding=\"async\" loading=\"lazy\" width=\"384\" height=\"443\" src=\"https:\/\/i0.wp.com\/unfe.frwp-content\/uploads\/2023\/03\/chi-arbitres.jpg?resize=384%2C443&#038;ssl=1\" alt=\"\" data-id=\"9384\" data-full-url=\"https:\/\/i0.wp.com\/unfe.frwp-content\/uploads\/2023\/03\/chi-arbitres.jpg?resize=384%2C443&#038;ssl=1\" data-link=\"https:\/\/unfe.fr?attachment_id=9384\" class=\"wp-image-9384\" srcset=\"https:\/\/i0.wp.com\/unfe.fr\/wp-content\/uploads\/2023\/03\/chi-arbitres.jpg?w=384 384w, https:\/\/i0.wp.com\/unfe.fr\/wp-content\/uploads\/2023\/03\/chi-arbitres.jpg?resize=260%2C300 260w\" sizes=\"(max-width: 384px) 100vw, 384px\" data-recalc-dims=\"1\" \/><\/figure><\/li><li class=\"blocks-gallery-item\"><figure><img decoding=\"async\" loading=\"lazy\" width=\"365\" height=\"464\" src=\"https:\/\/i0.wp.com\/unfe.frwp-content\/uploads\/2023\/03\/chi-reception.jpg?resize=365%2C464&#038;ssl=1\" alt=\"\" data-id=\"9385\" data-full-url=\"https:\/\/i0.wp.com\/unfe.frwp-content\/uploads\/2023\/03\/chi-reception.jpg?resize=365%2C464&#038;ssl=1\" data-link=\"https:\/\/unfe.fr?attachment_id=9385\" class=\"wp-image-9385\" srcset=\"https:\/\/i0.wp.com\/unfe.fr\/wp-content\/uploads\/2023\/03\/chi-reception.jpg?w=365 365w, https:\/\/i0.wp.com\/unfe.fr\/wp-content\/uploads\/2023\/03\/chi-reception.jpg?resize=236%2C300 236w\" sizes=\"(max-width: 365px) 100vw, 365px\" data-recalc-dims=\"1\" \/><\/figure><\/li><\/ul><\/figure>\n\n\n\n<p><strong><span style=\"text-decoration: underline;\">AGS &#8211; ELM LEBLANC (7-0)<\/span><\/strong><\/p>\n\n\n\n<p>Buteurs : Zaika Ichame x3 &#8211; Sorin Dorian x2 &#8211; Vilain Donovan &#8211; Bangoura Jean Louis<\/p>\n\n\n\n<figure class=\"wp-block-image size-full\"><img decoding=\"async\" loading=\"lazy\" width=\"808\" height=\"446\" src=\"https:\/\/i0.wp.com\/unfe.frwp-content\/uploads\/2023\/03\/ags-equipe-1.jpg?resize=808%2C446&#038;ssl=1\" alt=\"\" class=\"wp-image-9389\" srcset=\"https:\/\/i0.wp.com\/unfe.fr\/wp-content\/uploads\/2023\/03\/ags-equipe-1.jpg?w=808 808w, https:\/\/i0.wp.com\/unfe.fr\/wp-content\/uploads\/2023\/03\/ags-equipe-1.jpg?resize=300%2C166 300w, https:\/\/i0.wp.com\/unfe.fr\/wp-content\/uploads\/2023\/03\/ags-equipe-1.jpg?resize=768%2C424 768w\" sizes=\"(max-width: 808px) 100vw, 808px\" data-recalc-dims=\"1\" \/><figcaption><strong>AGS<\/strong><\/figcaption><\/figure>\n\n\n\n<figure class=\"wp-block-image size-full\"><img decoding=\"async\" loading=\"lazy\" width=\"859\" height=\"223\" src=\"https:\/\/i0.wp.com\/unfe.frwp-content\/uploads\/2023\/03\/ags-equipes-2.jpg?resize=859%2C223&#038;ssl=1\" alt=\"\" class=\"wp-image-9390\" srcset=\"https:\/\/i0.wp.com\/unfe.fr\/wp-content\/uploads\/2023\/03\/ags-equipes-2.jpg?w=859 859w, https:\/\/i0.wp.com\/unfe.fr\/wp-content\/uploads\/2023\/03\/ags-equipes-2.jpg?resize=300%2C78 300w, https:\/\/i0.wp.com\/unfe.fr\/wp-content\/uploads\/2023\/03\/ags-equipes-2.jpg?resize=768%2C199 768w\" sizes=\"(max-width: 859px) 100vw, 859px\" data-recalc-dims=\"1\" \/><figcaption><strong>Les deux \u00e9quipes<\/strong><\/figcaption><\/figure>\n\n\n\n<p><strong><a href=\"https:\/\/www.facebook.com\/AGS-Football-Club-180015609367465\/videos\/226270976441012\">Vid\u00e9o d\u2019un but d\u2019AGS<\/a><\/strong>&nbsp;<\/p>\n\n\n\n<p><strong><u><span class=\"has-inline-color has-vivid-cyan-blue-color\">Groupe B<\/span><\/u><\/strong><\/p>\n\n\n\n<p><strong><span style=\"text-decoration: underline;\">US TCAR Rouen &#8211; APSAP Emile ROUX (4-0)<\/span><\/strong><\/p>\n\n\n\n<p>W.Bendada &#8211; J.Mendes &#8211; I.Sanogo &#8211; K.Gouget<\/p>\n\n\n\n<p><a href=\"https:\/\/www.rematch.tv\/match\/cg3ikk1bcf9s70bk5u6g?videoId=cg6c0gmj7i2s70ic60ug\">Vid\u00e9o du r\u00e9sum\u00e9 complet gr\u00e2ce au rematcheur normand de REMATCH<\/a><\/p>\n\n\n\n<p class=\"has-text-align-justify\"><strong><u><span class=\"has-inline-color has-vivid-cyan-blue-color\">Groupe C<\/span><\/u><\/strong><\/p>\n\n\n\n<p><strong><span style=\"text-decoration: underline;\">FC NIKE &#8211; COM. PIETROSELLA (2-1)<\/span><\/strong><br>Buts&nbsp;: Fa\u00ef\u00e7al Ahjli \u2013 Jean-Marc JEUNE<br>Avec 2 passes d\u00e9cisives de Gabriel PIGREE<\/p>\n\n\n\n<p><\/p>\n\n\n\n<figure class=\"wp-block-gallery columns-2 is-cropped wp-block-gallery-3 is-layout-flex wp-block-gallery-is-layout-flex\"><ul class=\"blocks-gallery-grid\"><li class=\"blocks-gallery-item\"><figure><img decoding=\"async\" loading=\"lazy\" width=\"1024\" height=\"683\" src=\"https:\/\/i0.wp.com\/unfe.frwp-content\/uploads\/2023\/03\/IMG_6316-3-1024x683.jpg?resize=1024%2C683&#038;ssl=1\" alt=\"\" data-id=\"9422\" data-full-url=\"https:\/\/unfe.frwp-content\/uploads\/2023\/03\/IMG_6316-3-scaled.jpg\" data-link=\"https:\/\/unfe.fr?attachment_id=9422\" class=\"wp-image-9422\" srcset=\"https:\/\/i0.wp.com\/unfe.fr\/wp-content\/uploads\/2023\/03\/IMG_6316-3-scaled.jpg?resize=1024%2C683 1024w, https:\/\/i0.wp.com\/unfe.fr\/wp-content\/uploads\/2023\/03\/IMG_6316-3-scaled.jpg?resize=300%2C200 300w, https:\/\/i0.wp.com\/unfe.fr\/wp-content\/uploads\/2023\/03\/IMG_6316-3-scaled.jpg?resize=768%2C512 768w, https:\/\/i0.wp.com\/unfe.fr\/wp-content\/uploads\/2023\/03\/IMG_6316-3-scaled.jpg?resize=1536%2C1024 1536w, https:\/\/i0.wp.com\/unfe.fr\/wp-content\/uploads\/2023\/03\/IMG_6316-3-scaled.jpg?resize=2048%2C1365 2048w, https:\/\/i0.wp.com\/unfe.fr\/wp-content\/uploads\/2023\/03\/IMG_6316-3-scaled.jpg?w=2400 2400w\" sizes=\"(max-width: 1024px) 100vw, 1024px\" data-recalc-dims=\"1\" \/><\/figure><\/li><li class=\"blocks-gallery-item\"><figure><img decoding=\"async\" loading=\"lazy\" width=\"1024\" height=\"683\" src=\"https:\/\/i0.wp.com\/unfe.frwp-content\/uploads\/2023\/03\/IMG_6324-3-1024x683.jpg?resize=1024%2C683&#038;ssl=1\" alt=\"\" data-id=\"9427\" data-full-url=\"https:\/\/unfe.frwp-content\/uploads\/2023\/03\/IMG_6324-3-scaled.jpg\" data-link=\"https:\/\/unfe.fr?attachment_id=9427\" class=\"wp-image-9427\" srcset=\"https:\/\/i0.wp.com\/unfe.fr\/wp-content\/uploads\/2023\/03\/IMG_6324-3-scaled.jpg?resize=1024%2C683 1024w, https:\/\/i0.wp.com\/unfe.fr\/wp-content\/uploads\/2023\/03\/IMG_6324-3-scaled.jpg?resize=300%2C200 300w, https:\/\/i0.wp.com\/unfe.fr\/wp-content\/uploads\/2023\/03\/IMG_6324-3-scaled.jpg?resize=768%2C512 768w, https:\/\/i0.wp.com\/unfe.fr\/wp-content\/uploads\/2023\/03\/IMG_6324-3-scaled.jpg?resize=1536%2C1024 1536w, https:\/\/i0.wp.com\/unfe.fr\/wp-content\/uploads\/2023\/03\/IMG_6324-3-scaled.jpg?resize=2048%2C1365 2048w, https:\/\/i0.wp.com\/unfe.fr\/wp-content\/uploads\/2023\/03\/IMG_6324-3-scaled.jpg?w=2400 2400w\" sizes=\"(max-width: 1024px) 100vw, 1024px\" data-recalc-dims=\"1\" \/><figcaption class=\"blocks-gallery-item__caption\">FC NIKE<\/figcaption><\/figure><\/li><\/ul><\/figure>\n\n\n\n<figure class=\"wp-block-gallery columns-2 is-cropped wp-block-gallery-5 is-layout-flex wp-block-gallery-is-layout-flex\"><ul class=\"blocks-gallery-grid\"><li class=\"blocks-gallery-item\"><figure><img decoding=\"async\" loading=\"lazy\" width=\"757\" height=\"438\" src=\"https:\/\/i0.wp.com\/unfe.frwp-content\/uploads\/2023\/03\/NIKE-ACTION-2-1.jpg?resize=757%2C438&#038;ssl=1\" alt=\"\" data-id=\"9420\" data-full-url=\"https:\/\/i0.wp.com\/unfe.frwp-content\/uploads\/2023\/03\/NIKE-ACTION-2-1.jpg?resize=757%2C438&#038;ssl=1\" data-link=\"https:\/\/unfe.fr?attachment_id=9420\" class=\"wp-image-9420\" srcset=\"https:\/\/i0.wp.com\/unfe.fr\/wp-content\/uploads\/2023\/03\/NIKE-ACTION-2-1.jpg?w=757 757w, https:\/\/i0.wp.com\/unfe.fr\/wp-content\/uploads\/2023\/03\/NIKE-ACTION-2-1.jpg?resize=300%2C174 300w\" sizes=\"(max-width: 757px) 100vw, 757px\" data-recalc-dims=\"1\" \/><\/figure><\/li><li class=\"blocks-gallery-item\"><figure><img decoding=\"async\" loading=\"lazy\" width=\"703\" height=\"458\" src=\"https:\/\/i0.wp.com\/unfe.frwp-content\/uploads\/2023\/03\/NIKE-ACTION-5-1.jpg?resize=703%2C458&#038;ssl=1\" alt=\"\" data-id=\"9421\" data-full-url=\"https:\/\/i0.wp.com\/unfe.frwp-content\/uploads\/2023\/03\/NIKE-ACTION-5-1.jpg?resize=703%2C458&#038;ssl=1\" data-link=\"https:\/\/unfe.fr?attachment_id=9421\" class=\"wp-image-9421\" srcset=\"https:\/\/i0.wp.com\/unfe.fr\/wp-content\/uploads\/2023\/03\/NIKE-ACTION-5-1.jpg?w=703 703w, https:\/\/i0.wp.com\/unfe.fr\/wp-content\/uploads\/2023\/03\/NIKE-ACTION-5-1.jpg?resize=300%2C195 300w\" sizes=\"(max-width: 703px) 100vw, 703px\" data-recalc-dims=\"1\" \/><\/figure><\/li><\/ul><\/figure>\n\n\n\n<p><\/p>\n\n\n\n<figure class=\"wp-block-gallery columns-2 is-cropped wp-block-gallery-7 is-layout-flex wp-block-gallery-is-layout-flex\"><ul class=\"blocks-gallery-grid\"><li class=\"blocks-gallery-item\"><figure><img decoding=\"async\" loading=\"lazy\" width=\"759\" height=\"483\" src=\"https:\/\/i0.wp.com\/unfe.frwp-content\/uploads\/2023\/03\/NIKE-ACTION-1.jpg?resize=759%2C483&#038;ssl=1\" alt=\"\" data-id=\"9428\" data-full-url=\"https:\/\/i0.wp.com\/unfe.frwp-content\/uploads\/2023\/03\/NIKE-ACTION-1.jpg?resize=759%2C483&#038;ssl=1\" data-link=\"https:\/\/unfe.fr?attachment_id=9428\" class=\"wp-image-9428\" srcset=\"https:\/\/i0.wp.com\/unfe.fr\/wp-content\/uploads\/2023\/03\/NIKE-ACTION-1.jpg?w=759 759w, https:\/\/i0.wp.com\/unfe.fr\/wp-content\/uploads\/2023\/03\/NIKE-ACTION-1.jpg?resize=300%2C191 300w\" sizes=\"(max-width: 759px) 100vw, 759px\" data-recalc-dims=\"1\" \/><\/figure><\/li><li class=\"blocks-gallery-item\"><figure><img decoding=\"async\" loading=\"lazy\" width=\"761\" height=\"458\" src=\"https:\/\/i0.wp.com\/unfe.frwp-content\/uploads\/2023\/03\/NIKE-ACTION1-1.jpg?resize=761%2C458&#038;ssl=1\" alt=\"\" data-id=\"9429\" data-full-url=\"https:\/\/i0.wp.com\/unfe.frwp-content\/uploads\/2023\/03\/NIKE-ACTION1-1.jpg?resize=761%2C458&#038;ssl=1\" data-link=\"https:\/\/unfe.fr?attachment_id=9429\" class=\"wp-image-9429\" srcset=\"https:\/\/i0.wp.com\/unfe.fr\/wp-content\/uploads\/2023\/03\/NIKE-ACTION1-1.jpg?w=761 761w, https:\/\/i0.wp.com\/unfe.fr\/wp-content\/uploads\/2023\/03\/NIKE-ACTION1-1.jpg?resize=300%2C181 300w\" sizes=\"(max-width: 761px) 100vw, 761px\" data-recalc-dims=\"1\" \/><\/figure><\/li><\/ul><\/figure>\n\n\n\n<p><strong><span style=\"text-decoration: underline;\">FC NOVUUS \u2013 OCANA Entreprises (5-2)<\/span><\/strong><\/p>\n\n\n\n<p>Buts&nbsp;:<br>FC NOVUUS : Julien VATINET (x2), Anthony LOIR, Math\u00e9o TRAN VAN et Didier RICHARD HILAIRE.<br>OCANA Entreprises&nbsp;: Jean-Fran\u00e7ois SUBRINI \u2013 Kevin CARTA<br>NOVUUS A LA RELANCE<br>Facile vainqueur d\u2019OCANA \u00e0 domicile (5-2), NOVUUS FC reste dans la course aux \u00bc de finale de CNFE. Un d\u00e9but de match tambour battant de la part des hommes de Capi Guillaume, auteur, par ailleurs, d\u2019un \u00ab hat-trick \u00bb de passes d\u00e9cisives dans cette rencontre, o\u00f9 les occasions pleuvent dans le 1er \u00bc d\u2019heure : 2 rat\u00e9s inhabituels de nos fins techniciens et un arr\u00eat miracle du gardien corse emp\u00eachent les locaux de logiquement prendre l\u2019avantage.<br>C\u2019est \u00e0 la 14\u00e8 que NOVUUS va prendre l\u2019avantage sur un corner savamment bott\u00e9 par David SIMOES, prolong\u00e9 par Capi vers Ju VATINET qui catapulte la balle de la \u00ab pipe \u00bb dans le but adverse.1-0 et c\u2019est m\u00e9rit\u00e9 pour NOVUUS. Et bis repetita 5 minutes apr\u00e8s, sur un corner bott\u00e9 par Antho LOIR, Ju VATINET remet un coup de casque d\u00e9crois\u00e9 qui laisse le gardien local pantois. 2-0 \u00e0 la 20\u00e8me !<br>Entame de match parfaite des \u00ab All White \u00bb qui vont proc\u00e9der par contres pour punir l\u2019arri\u00e8re garde corse qui offre des boulevards aux attaquants yvelinois. Malgr\u00e9 tout, OCANA va obtenir une belle occasion de r\u00e9duire la marque sur un coup-franc surpuissant de leur n\u00b09, mais Kewin ALVARADE, bien que masqu\u00e9 sur le d\u00e9part du ballon, r\u00e9alise la manchette salvatrice permettant de garder sa cage inviol\u00e9e.<br>On entre dans les arr\u00eats de jeu de ce premier acte et NOVUUS va scorer une 3\u00e8me fois sur un centre de Capi Guillaume, Antho LOIR r\u00e9alise un encha\u00eenement parfait, contr\u00f4le pied droit, frappe pied gauche pour porter la marque \u00e0 3-0 juste avant la pause.3-0 \u00e0 la mi-temps pour NOVUUS.<br>D\u00e9but de seconde p\u00e9riode et NOVUUS va ent\u00e9riner sa victoire en scorant d\u2019entr\u00e9e sur un caviar de Pierre DELECROIX pour le gol\u00e9ador Didier RICHARD HILAIRE, suite \u00e0 un d\u00e9bordement c\u00f4t\u00e9 droit.4-0, la messe est dite, m\u00eame si OCANA va r\u00e9duire la marque sur une attaque plac\u00e9e, l\u2019arri\u00e8re garde de NOVUUS, un peu gris\u00e9e, avait laiss\u00e9 l\u2019attaquant ocanais seul. 4-1 \u00e0 la 53\u00e8me.<br>Mais NOVUUS reprend l\u2019\u00e9cart 3 minutes apr\u00e8s, sur un coup-franc rapidement jou\u00e9 par Capi Guillaume CHABROULIN qui envoie sur orbite Math\u00e9o TRAN VAN, fra\u00eechement entr\u00e9 en jeu, qui va fusiller le portier adverse, abandonn\u00e9 par sa d\u00e9fense.5-1 \u00e0 l\u2019heure de jeu.<br>Ce m\u00eame Math\u00e9o qui va donner le tournis aux d\u00e9fenseurs Ocanais et obtenir un p\u00e9nalty \u00e0 la 65\u00e8me, malheureusement manqu\u00e9 ! Un exercice qu\u2019il va falloir travailler c\u00f4t\u00e9 NOVUUS\u2026<br><\/p>\n\n\n\n<div class=\"wp-block-media-text alignwide is-stacked-on-mobile\"><figure class=\"wp-block-media-text__media\"><img decoding=\"async\" loading=\"lazy\" width=\"691\" height=\"421\" src=\"https:\/\/i0.wp.com\/unfe.frwp-content\/uploads\/2023\/03\/NOVUSS-2.jpg?resize=691%2C421&#038;ssl=1\" alt=\"\" class=\"wp-image-9431 size-full\" srcset=\"https:\/\/i0.wp.com\/unfe.fr\/wp-content\/uploads\/2023\/03\/NOVUSS-2.jpg?w=691 691w, https:\/\/i0.wp.com\/unfe.fr\/wp-content\/uploads\/2023\/03\/NOVUSS-2.jpg?resize=300%2C183 300w\" sizes=\"(max-width: 691px) 100vw, 691px\" data-recalc-dims=\"1\" \/><\/figure><div class=\"wp-block-media-text__content\">\n<p class=\"has-normal-font-size\">Le rythme effr\u00e9n\u00e9 du match conna\u00eet une accalmie dans les 20 derni\u00e8res minutes, m\u00eame si le lat\u00e9ral gauche corse se rendra coupable d\u2019un attentat sur l\u2019infortun\u00e9 David SIMOES, auteur d\u2019un excellent match, qui sortira sur blessure. Cela vaudra un rouge pour le coupable\u2026OCANA aura le m\u00e9rite de scorer une seconde fois en fin de match pour porter le score \u00e0 5-2.<br>Victoire m\u00e9rit\u00e9e pour NOVUUS au final qui aura r\u00e9alis\u00e9e une prestation tr\u00e8s aboutie. A confirmer la semaine prochaine face \u00e0 Paris XIII \u00e0 domicile en championnat !<br>Merci \u00e0 la d\u00e9l\u00e9gation Ocanaise pour sa sympathie et pour le bon moment lors de la r\u00e9ception d\u2019apr\u00e8s-match !<\/p>\n<\/div><\/div>\n\n\n\n<figure class=\"wp-block-image size-full\"><img decoding=\"async\" loading=\"lazy\" width=\"792\" height=\"441\" src=\"https:\/\/i0.wp.com\/unfe.frwp-content\/uploads\/2023\/03\/ocana-equipe-1.jpg?resize=792%2C441&#038;ssl=1\" alt=\"\" class=\"wp-image-9398\" srcset=\"https:\/\/i0.wp.com\/unfe.fr\/wp-content\/uploads\/2023\/03\/ocana-equipe-1.jpg?w=792 792w, https:\/\/i0.wp.com\/unfe.fr\/wp-content\/uploads\/2023\/03\/ocana-equipe-1.jpg?resize=300%2C167 300w, https:\/\/i0.wp.com\/unfe.fr\/wp-content\/uploads\/2023\/03\/ocana-equipe-1.jpg?resize=768%2C428 768w\" sizes=\"(max-width: 792px) 100vw, 792px\" data-recalc-dims=\"1\" \/><figcaption><strong><span class=\"has-inline-color has-luminous-vivid-orange-color\">OCANA Entreprises<\/span><\/strong><\/figcaption><\/figure>\n\n\n\n<figure class=\"wp-block-image size-full\"><img decoding=\"async\" loading=\"lazy\" width=\"1003\" height=\"341\" src=\"https:\/\/i0.wp.com\/unfe.frwp-content\/uploads\/2023\/03\/novuss-1.jpg?resize=1003%2C341&#038;ssl=1\" alt=\"\" class=\"wp-image-9399\" srcset=\"https:\/\/i0.wp.com\/unfe.fr\/wp-content\/uploads\/2023\/03\/novuss-1.jpg?w=1003 1003w, https:\/\/i0.wp.com\/unfe.fr\/wp-content\/uploads\/2023\/03\/novuss-1.jpg?resize=300%2C102 300w, https:\/\/i0.wp.com\/unfe.fr\/wp-content\/uploads\/2023\/03\/novuss-1.jpg?resize=768%2C261 768w\" sizes=\"(max-width: 1003px) 100vw, 1003px\" data-recalc-dims=\"1\" \/><\/figure>\n\n\n\n<p><strong><u><span class=\"has-inline-color has-vivid-cyan-blue-color\">Groupe D<\/span><\/u><\/strong><\/p>\n\n\n\n<p><strong><span style=\"text-decoration: underline;\">AS ORANGE &#8211; CHR Talence (1-2)<\/span><\/strong><\/p>\n\n\n\n<div class=\"wp-block-media-text alignwide is-stacked-on-mobile\" style=\"grid-template-columns:37% auto\"><figure class=\"wp-block-media-text__media\"><img decoding=\"async\" loading=\"lazy\" width=\"1024\" height=\"768\" src=\"https:\/\/i0.wp.com\/unfe.frwp-content\/uploads\/2023\/03\/IMG_20230311_143148-1024x768.jpg?resize=1024%2C768&#038;ssl=1\" alt=\"\" class=\"wp-image-9393 size-full\" srcset=\"https:\/\/i0.wp.com\/unfe.fr\/wp-content\/uploads\/2023\/03\/IMG_20230311_143148-scaled.jpg?resize=1024%2C768 1024w, https:\/\/i0.wp.com\/unfe.fr\/wp-content\/uploads\/2023\/03\/IMG_20230311_143148-scaled.jpg?resize=300%2C225 300w, https:\/\/i0.wp.com\/unfe.fr\/wp-content\/uploads\/2023\/03\/IMG_20230311_143148-scaled.jpg?resize=768%2C576 768w, https:\/\/i0.wp.com\/unfe.fr\/wp-content\/uploads\/2023\/03\/IMG_20230311_143148-scaled.jpg?resize=1536%2C1152 1536w, https:\/\/i0.wp.com\/unfe.fr\/wp-content\/uploads\/2023\/03\/IMG_20230311_143148-scaled.jpg?resize=2048%2C1536 2048w, https:\/\/i0.wp.com\/unfe.fr\/wp-content\/uploads\/2023\/03\/IMG_20230311_143148-scaled.jpg?w=2400 2400w\" sizes=\"(max-width: 1024px) 100vw, 1024px\" data-recalc-dims=\"1\" \/><\/figure><div class=\"wp-block-media-text__content\">\n<p class=\"has-normal-font-size\">Apr\u00e8s un bon d\u00e9but de match, les locaux se sont fait surprendre par les girondins&nbsp;: un superbe contr\u00f4le du ballon puis une passe non moins superbe sur le c\u00f4t\u00e9&nbsp;droit de l\u2019excellent num\u00e9ro 10 suivi d\u2019un centre dans la surface et enfin d\u2019une faute de la d\u00e9fense centrale provoquait un penalty logique.<\/p>\n\n\n\n<p class=\"has-normal-font-size\">Mehdi ZERROUKIUY s\u2019appliquait et prenait Arnaud GIBERT \u00e0 contre-pied (0-1, 18<sup>\u00e8me<\/sup>).<\/p>\n<\/div><\/div>\n\n\n\n<div class=\"wp-block-media-text alignwide has-media-on-the-right is-stacked-on-mobile\" style=\"grid-template-columns:auto 46%\"><figure class=\"wp-block-media-text__media\"><img decoding=\"async\" loading=\"lazy\" width=\"1024\" height=\"768\" src=\"https:\/\/i0.wp.com\/unfe.frwp-content\/uploads\/2023\/03\/IMG_20230311_143414-1024x768.jpg?resize=1024%2C768&#038;ssl=1\" alt=\"\" class=\"wp-image-9394 size-full\" srcset=\"https:\/\/i0.wp.com\/unfe.fr\/wp-content\/uploads\/2023\/03\/IMG_20230311_143414-scaled.jpg?resize=1024%2C768 1024w, https:\/\/i0.wp.com\/unfe.fr\/wp-content\/uploads\/2023\/03\/IMG_20230311_143414-scaled.jpg?resize=300%2C225 300w, https:\/\/i0.wp.com\/unfe.fr\/wp-content\/uploads\/2023\/03\/IMG_20230311_143414-scaled.jpg?resize=768%2C576 768w, https:\/\/i0.wp.com\/unfe.fr\/wp-content\/uploads\/2023\/03\/IMG_20230311_143414-scaled.jpg?resize=1536%2C1152 1536w, https:\/\/i0.wp.com\/unfe.fr\/wp-content\/uploads\/2023\/03\/IMG_20230311_143414-scaled.jpg?resize=2048%2C1536 2048w, https:\/\/i0.wp.com\/unfe.fr\/wp-content\/uploads\/2023\/03\/IMG_20230311_143414-scaled.jpg?w=2400 2400w\" sizes=\"(max-width: 1024px) 100vw, 1024px\" data-recalc-dims=\"1\" \/><\/figure><div class=\"wp-block-media-text__content\">\n<p class=\"has-normal-font-size\">Apr\u00e8s une r\u00e9action des orangistes qui monopolisaient le ballon, mais sans inqui\u00e9ter suffisamment la d\u00e9fense gironde, ce sont ces derniers qui, sur deux incursions, enfon\u00e7aient le clou suite \u00e0 une erreur de marquage qui profitait \u00e0 Antoine LAROUMAGNE. Du c\u00f4t\u00e9 gauche, il pla\u00e7ait son ballon id\u00e9alement dans le filet oppos\u00e9. (0-2, 27<sup>\u00e8me<\/sup>).<\/p>\n\n\n\n<p class=\"has-normal-font-size\">L\u2019affaire s\u2019annon\u00e7ait mal pour les locaux pourtant logiques vainqueurs \u00e0 Bordeaux quinze jours auparavant. Heureusement, au moment o\u00f9 l\u2019arbitre mettrait son sifflet \u00e0 la bouche pour signaler la pause, Amar KASMI s\u2019infiltrait avant d\u2019\u00eatre crochet\u00e9. Le penalty tout aussi indiscutable que le premier \u00e9tait transform\u00e9 par le capitaine Ludovic FARDIN redonnant ainsi espoir \u00e0 ses co\u00e9quipiers (1-2, 45<sup>\u00e8me<\/sup>)<\/p>\n<\/div><\/div>\n\n\n\n<div class=\"wp-block-media-text alignwide is-stacked-on-mobile\" style=\"grid-template-columns:40% auto\"><figure class=\"wp-block-media-text__media\"><img decoding=\"async\" loading=\"lazy\" width=\"1024\" height=\"768\" src=\"https:\/\/i0.wp.com\/unfe.frwp-content\/uploads\/2023\/03\/IMG_20230311_1655521-1024x768.jpg?resize=1024%2C768&#038;ssl=1\" alt=\"\" class=\"wp-image-9395 size-full\" srcset=\"https:\/\/i0.wp.com\/unfe.fr\/wp-content\/uploads\/2023\/03\/IMG_20230311_1655521-scaled.jpg?resize=1024%2C768 1024w, https:\/\/i0.wp.com\/unfe.fr\/wp-content\/uploads\/2023\/03\/IMG_20230311_1655521-scaled.jpg?resize=300%2C225 300w, https:\/\/i0.wp.com\/unfe.fr\/wp-content\/uploads\/2023\/03\/IMG_20230311_1655521-scaled.jpg?resize=768%2C576 768w, https:\/\/i0.wp.com\/unfe.fr\/wp-content\/uploads\/2023\/03\/IMG_20230311_1655521-scaled.jpg?resize=1536%2C1152 1536w, https:\/\/i0.wp.com\/unfe.fr\/wp-content\/uploads\/2023\/03\/IMG_20230311_1655521-scaled.jpg?resize=2048%2C1536 2048w, https:\/\/i0.wp.com\/unfe.fr\/wp-content\/uploads\/2023\/03\/IMG_20230311_1655521-scaled.jpg?w=2400 2400w\" sizes=\"(max-width: 1024px) 100vw, 1024px\" data-recalc-dims=\"1\" \/><\/figure><div class=\"wp-block-media-text__content\">\n<p class=\"has-normal-font-size\">La deuxi\u00e8me mi-temps confirmait la premi\u00e8re avec un fort pourcentage de possession du ballon pour l\u2019AS ORANGE et quelques occasions s\u00e9rieuses principalement en fin de match par Gr\u00e9gory FENELON de la t\u00eate, Mehdi BAOUI de pr\u00e8s et Raoui LASSAOUED. Mais les visiteurs, qui auraient pu corser l\u2019addition avec une frappe sur le&nbsp;poteau, ont m\u00e9rit\u00e9 cette victoire. <br>A noter que les blessures au genou d\u2019Amar KAZMI en d\u00e9but de 2<sup>\u00e8me<\/sup> mi-temps et celle de Wael, absent depuis d\u00e9j\u00e0 un mois et encore pour un certain temps, ont entam\u00e9 le potentiel offensif des orangistes qui devront malgr\u00e9 tout marquer dans quinze jours face \u00e0 l\u2019AS CTE Orvault.<\/p>\n<\/div><\/div>\n\n\n\n<p>La sympathique et garnie r\u00e9ception d\u2019apr\u00e8s-match a une nouvelle fois montr\u00e9 que le Football Entreprise poss\u00e8de des valeurs sp\u00e9cifiques appr\u00e9ci\u00e9es de tous. Bravo aux girondins qui, gr\u00e8ve SNCF oblige, ont d\u00fb rester sur Paris et donc f\u00eat\u00e9 dignement un succ\u00e8s qui a visiblement fait grand plaisir \u00e0 leurs dirigeants et surtout \u00e0 Daniel GRANDCOING, leur Pr\u00e9sident historique.<\/p>\n\n\n\n<p><strong><a href=\"https:\/\/drive.google.com\/file\/d\/1RKRBVn-iUtKgflCJ8ShAntzdJ8gPCAnq\/view?usp=sharing\">Vid\u00e9o de la r\u00e9action de Kevin, coach satisfait du CHR<\/a><\/strong><\/p>\n\n\n\n<p>&nbsp;Voil\u00e0 aussi ce qu\u2019il avait dit, avant le match, au micro du District de Gironde&nbsp;:<br><strong><em>\u201c IL VA FALLOIR \u00caTRE PR\u00c9CIS SUR L\u2019ASPECT TECHNIQUE ET TACTIQUE, CAR NOUS ALLONS METTRE EN PLACE UN SYST\u00c8ME PARTICULIER. IL VA FALLOIR \u00caTRE R\u00c9ALISTE DEVANT LE BUT ET NE PAS G\u00c2CHER D\u2019OCCASIONS POUR NE PAS LE REGRETTER PAR LA SUITE. \u201d<\/em>&nbsp;<\/strong><\/p>\n\n\n\n<p>On peut affirmer, apr\u00e8s coup, qu\u2019il a bien pr\u00e9par\u00e9 son groupe et vu juste.<\/p>\n\n\n\n<p><strong><a href=\"https:\/\/www.rematch.tv\/match\/cg3ik0emuvtc709vlfng\">Vid\u00e9o du r\u00e9sum\u00e9 REMATCH<\/a><\/strong>&nbsp;<\/p>\n\n\n\n<p>Plus d&#8217;infos  sur <a href=\"https:\/\/www.facebook.com\/Footentreprisegironde\/posts\/pfbid02PpjvHenocvDZWJcCBuQc7VKoEV61M4J42HwduFjtzM4dqq3r9aECPjWaVrZx2Yg8l?__cft__[0]=AZVI9VOqq0LpvKxbnhjSFDqnEbx3G6Mwtgc4zf4HJ0Yx2F0lX1e7xxr6CQOhEvl18DVcSTEjowmcVhFUdQ1B9vqUPy1fmu1L6W560Wf4PqX35u9-YE1Lcd8_6Bqmxx3sVWEVBVwOA7ksn1OQeVMhfIpbVhAX6cIEJyN1Df32MLaAd3mB54iFi-5CniWxRrrmUCGIb6VdEcvNFbMfxlZ6RGi6&amp;__tn__=%2CO%2CP-R\">PLANETE FOOT ENTREPRISE GIRONDE<\/a><\/p>\n\n\n\n<figure class=\"wp-block-image size-full\"><img decoding=\"async\" loading=\"lazy\" width=\"759\" height=\"514\" src=\"https:\/\/i0.wp.com\/unfe.frwp-content\/uploads\/2023\/03\/Capture.jpg?resize=759%2C514&#038;ssl=1\" alt=\"\" class=\"wp-image-9409\" srcset=\"https:\/\/i0.wp.com\/unfe.fr\/wp-content\/uploads\/2023\/03\/Capture.jpg?w=759 759w, https:\/\/i0.wp.com\/unfe.fr\/wp-content\/uploads\/2023\/03\/Capture.jpg?resize=300%2C203 300w\" sizes=\"(max-width: 759px) 100vw, 759px\" data-recalc-dims=\"1\" \/><\/figure>\n\n\n\n<p><strong><span style=\"text-decoration: underline;\">AS CTE Orvault &#8211; ESPACE FOOT M\u00e9rignac (2-1)<\/span><\/strong><\/p>\n\n\n\n<div class=\"wp-block-media-text alignwide is-stacked-on-mobile\" style=\"grid-template-columns:19% auto\"><figure class=\"wp-block-media-text__media\"><img decoding=\"async\" loading=\"lazy\" width=\"319\" height=\"428\" src=\"https:\/\/i0.wp.com\/unfe.frwp-content\/uploads\/2023\/03\/orvault-repas-1.jpg?resize=319%2C428&#038;ssl=1\" alt=\"\" class=\"wp-image-9402 size-full\" srcset=\"https:\/\/i0.wp.com\/unfe.fr\/wp-content\/uploads\/2023\/03\/orvault-repas-1.jpg?w=319 319w, https:\/\/i0.wp.com\/unfe.fr\/wp-content\/uploads\/2023\/03\/orvault-repas-1.jpg?resize=224%2C300 224w\" sizes=\"(max-width: 319px) 100vw, 319px\" data-recalc-dims=\"1\" \/><\/figure><div class=\"wp-block-media-text__content\">\n<p>Une poule toujours aussi difficile. Les Orvaltais devaient gagner pour esp\u00e9rer se qualifier. Tr\u00e8s bonne entame de match et 2 grosses occasions mais cela cafouille dans la surface et on ne cadre pas. L\u2019ouverture du score se fera sur penalty par Baptiste Rongier.<br>Les Orvaltais vont ensuite reculer et subir les coups de pieds arr\u00eat\u00e9s adverses. Et \u00e0 la 45eme minute, Espace Foot \u00e9galise.<\/p>\n\n\n\n<p>La deuxi\u00e8me mi-temps sera \u00e9quilibr\u00e9e. Apr\u00e8s un penalty manqu\u00e9 par Toto Delanoe, c\u2019est Micka Ollivier, sur une ouverture de Clem Bretecher, qui viendra inscrire le second but.<\/p>\n<\/div><\/div>\n\n\n\n<figure class=\"wp-block-image size-full\"><img decoding=\"async\" loading=\"lazy\" width=\"729\" height=\"401\" src=\"https:\/\/i0.wp.com\/unfe.frwp-content\/uploads\/2023\/03\/orvault-equipe-1.jpg?resize=729%2C401&#038;ssl=1\" alt=\"\" class=\"wp-image-9403\" srcset=\"https:\/\/i0.wp.com\/unfe.fr\/wp-content\/uploads\/2023\/03\/orvault-equipe-1.jpg?w=729 729w, https:\/\/i0.wp.com\/unfe.fr\/wp-content\/uploads\/2023\/03\/orvault-equipe-1.jpg?resize=300%2C165 300w\" sizes=\"(max-width: 729px) 100vw, 729px\" data-recalc-dims=\"1\" \/><figcaption><strong><span class=\"has-inline-color has-luminous-vivid-orange-color\">AS CTE ORVAULT<\/span><\/strong><\/figcaption><\/figure>\n\n\n\n<p><\/p>\n","protected":false},"excerpt":{"rendered":"<p>La performance du jour pour le CHR Talence Cette journ\u00e9e prolifique en buts a offert son premier club qualifi\u00e9 pour les \u00bc de finale\u00a0: le CHI Poissy qui s\u2019est nettement impos\u00e9 chez une valeureuse \u00e9quipe de LIDL Cambrai.Sauf erreur, le FC NIKE est \u00e0 un fil d&#8217;obtenir sa qualification, ainsi que la 1\u00e8re place du [&hellip;]<\/p>\n","protected":false},"author":3,"featured_media":9433,"comment_status":"open","ping_status":"closed","sticky":false,"template":"","format":"standard","meta":{"_monsterinsights_skip_tracking":false,"_monsterinsights_sitenote_active":false,"_monsterinsights_sitenote_note":"","_monsterinsights_sitenote_category":0,"footnotes":""},"categories":[14,11],"tags":[],"jetpack_sharing_enabled":true,"jetpack_featured_media_url":"https:\/\/i0.wp.com\/unfe.fr\/wp-content\/uploads\/2023\/03\/NIKE-ENTETE.jpg?fit=861%2C591","_links":{"self":[{"href":"http:\/\/unfe.fr\/index.php?rest_route=\/wp\/v2\/posts\/9380"}],"collection":[{"href":"http:\/\/unfe.fr\/index.php?rest_route=\/wp\/v2\/posts"}],"about":[{"href":"http:\/\/unfe.fr\/index.php?rest_route=\/wp\/v2\/types\/post"}],"author":[{"embeddable":true,"href":"http:\/\/unfe.fr\/index.php?rest_route=\/wp\/v2\/users\/3"}],"replies":[{"embeddable":true,"href":"http:\/\/unfe.fr\/index.php?rest_route=%2Fwp%2Fv2%2Fcomments&post=9380"}],"version-history":[{"count":14,"href":"http:\/\/unfe.fr\/index.php?rest_route=\/wp\/v2\/posts\/9380\/revisions"}],"predecessor-version":[{"id":9438,"href":"http:\/\/unfe.fr\/index.php?rest_route=\/wp\/v2\/posts\/9380\/revisions\/9438"}],"wp:featuredmedia":[{"embeddable":true,"href":"http:\/\/unfe.fr\/index.php?rest_route=\/wp\/v2\/media\/9433"}],"wp:attachment":[{"href":"http:\/\/unfe.fr\/index.php?rest_route=%2Fwp%2Fv2%2Fmedia&parent=9380"}],"wp:term":[{"taxonomy":"category","embeddable":true,"href":"http:\/\/unfe.fr\/index.php?rest_route=%2Fwp%2Fv2%2Fcategories&post=9380"},{"taxonomy":"post_tag","embeddable":true,"href":"http:\/\/unfe.fr\/index.php?rest_route=%2Fwp%2Fv2%2Ftags&post=9380"}],"curies":[{"name":"wp","href":"https:\/\/api.w.org\/{rel}","templated":true}]}}