{"id":9652,"date":"2023-05-14T09:38:02","date_gmt":"2023-05-14T07:38:02","guid":{"rendered":"http:\/\/unfe.fr\/?p=9652"},"modified":"2023-05-14T09:38:05","modified_gmt":"2023-05-14T07:38:05","slug":"ils-ont-marque-lhistoire-du-foot-entreprise-gerard-jacques","status":"publish","type":"post","link":"http:\/\/unfe.fr\/?p=9652","title":{"rendered":"ILS ONT MARQUE L\u2019HISTOIRE DU FOOT ENTREPRISE : GERARD JACQUES"},"content":{"rendered":"\n<h2 class=\"wp-block-heading\">G\u00e9rard JACQUES&nbsp;: passion, discr\u00e9tion et humanit\u00e9 &nbsp;<\/h2>\n\n\n\n<p>Aujourd\u2019hui, nous tenons \u00e0 mettre en \u00e9vidence G\u00e9rard JACQUES disparu en Mars 2021 apr\u00e8s une longue maladie. Ce tr\u00e8s grand d\u00e9fenseur du Football Entreprise, comme Jean VERBEKE dont il \u00e9tait proche, a \u00e9t\u00e9 un&nbsp; dirigeant tr\u00e8s actif pendant longtemps au sein de son club des Communaux de Maisons Alfort pr\u00e9c\u00e9demment appel\u00e9 l\u2019APAS Jardins. C&#8217;\u00e9tait \u00e0 l&#8217;\u00e9poque o\u00f9 tous les clubs se r\u00e9jouissaient \u00e0 l&#8217;avance d&#8217;aller jouer \u00e0 Maisons Alfort fouler une des plus belles pelouses d&#8217;Ile de France.<\/p>\n\n\n\n<p>En 2011, il avait, avec quelques autres, lanc\u00e9 le mouvement, en cr\u00e9ant l&#8217;UCEFF. Tous ceux qui \u00e9voluent en Football Entreprise lui doivent beaucoup. Il prendra la t\u00eate de l\u2019UCEFF, d\u00e8s la cr\u00e9ation de l\u2019association, qu\u2019il ne quittera qu\u2019en 2020 suite \u00e0 ses probl\u00e8mes de sant\u00e9.<\/p>\n\n\n\n<p>Voil\u00e0 comment G\u00e9rard, lors d\u2019un entretien, justifiait la cr\u00e9ation de l\u2019UCEFF&nbsp;:<\/p>\n\n\n\n<div class=\"wp-block-media-text alignwide is-stacked-on-mobile\"><figure class=\"wp-block-media-text__media\"><img decoding=\"async\" loading=\"lazy\" width=\"784\" height=\"344\" src=\"https:\/\/i0.wp.com\/unfe.frwp-content\/uploads\/2016\/11\/GERARDEQUIPEUCEFFREIMS2013.jpg?resize=784%2C344&#038;ssl=1\" alt=\"GERARDEQUIPEUCEFFREIMS2013\" class=\"wp-image-413 size-full\" srcset=\"https:\/\/i0.wp.com\/unfe.fr\/wp-content\/uploads\/2016\/11\/GERARDEQUIPEUCEFFREIMS2013.jpg?w=784 784w, https:\/\/i0.wp.com\/unfe.fr\/wp-content\/uploads\/2016\/11\/GERARDEQUIPEUCEFFREIMS2013.jpg?resize=300%2C132 300w, https:\/\/i0.wp.com\/unfe.fr\/wp-content\/uploads\/2016\/11\/GERARDEQUIPEUCEFFREIMS2013.jpg?resize=768%2C337 768w\" sizes=\"(max-width: 784px) 100vw, 784px\" data-recalc-dims=\"1\" \/><\/figure><div class=\"wp-block-media-text__content\">\n<p><br>\u2018\u2019<em>L\u2019UCEFF a, c\u2019est ind\u00e9niable, \u00e9t\u00e9 \u00e0 l&#8217;origine de la cr\u00e9ation de l\u2019UNFE. En effet, consciente du malaise existant dans cette cat\u00e9gorie et en raison de sa connaissance du Foot Entreprise en Ile de France mais aussi partout en France, elle a \u00e9mis des id\u00e9es qui ont abouti \u00e0 sensibiliser les dirigeants des clubs nationaux et provinciaux. Un peu timides au d\u00e9part, ceux-ci, dont des clubs marseillais, ont adh\u00e9r\u00e9 au plan de redynamisation propos\u00e9. <\/em><\/p>\n<\/div><\/div>\n\n\n\n<p><em>A tel point que certains clubs, bien qu\u2019\u00e9loign\u00e9s, ont tenu \u00e0 adh\u00e9rer \u00e0 l\u2019UCEFF. Constatant le travail constructif fait en relation avec la Ligue de Paris, ils ont \u00e9t\u00e9 convaincus que la seule solution collective possible \u00e9tait de cr\u00e9er une association nationale&nbsp;; Nous avons donc d\u00e9cid\u00e9, \u00e0 quelques-uns, qu\u2019il fallait r\u00e9agir et \u2018\u2019lever le ton\u2019\u2019<\/em>\u2019<\/p>\n\n\n\n<div class=\"wp-block-media-text alignwide has-media-on-the-right is-stacked-on-mobile\" style=\"grid-template-columns:auto 17%\"><figure class=\"wp-block-media-text__media\"><img decoding=\"async\" loading=\"lazy\" width=\"458\" height=\"611\" src=\"https:\/\/i0.wp.com\/unfe.frwp-content\/uploads\/2016\/11\/GERARDCOTECHOUKRI.jpg?resize=458%2C611&#038;ssl=1\" alt=\"GERARDCOTECHOUKRI\" class=\"wp-image-409 size-full\" srcset=\"https:\/\/i0.wp.com\/unfe.fr\/wp-content\/uploads\/2016\/11\/GERARDCOTECHOUKRI.jpg?w=458 458w, https:\/\/i0.wp.com\/unfe.fr\/wp-content\/uploads\/2016\/11\/GERARDCOTECHOUKRI.jpg?resize=225%2C300 225w\" sizes=\"(max-width: 458px) 100vw, 458px\" data-recalc-dims=\"1\" \/><\/figure><div class=\"wp-block-media-text__content\">\n<p>Aux qualit\u00e9s de discr\u00e9tion, de s\u00e9r\u00e9nit\u00e9, d&#8217;humanit\u00e9, d&#8217;investissement personnel et de respect, chacun de ceux qui l&#8217;auront c\u00f4toy\u00e9 de pr\u00e8s ou de loin, pourront en rajouter beaucoup d&#8217;autres.<\/p>\n\n\n\n<p>Il avait \u00e9t\u00e9 mis \u00e0 l\u2019honneur, en tant que grand serviteur du football francilien, lors d\u2019une soir\u00e9e organis\u00e9e en 2018 &nbsp;par la Ligue de Paris IDF lors de la soir\u00e9e des champions.<\/p>\n<\/div><\/div>\n\n\n\n<div class=\"wp-block-media-text alignwide is-stacked-on-mobile\" style=\"grid-template-columns:42% auto\"><figure class=\"wp-block-media-text__media\"><img decoding=\"async\" loading=\"lazy\" width=\"848\" height=\"533\" src=\"https:\/\/i0.wp.com\/unfe.frwp-content\/uploads\/2016\/11\/GERARDMAISONSALFORT91.jpg?resize=848%2C533&#038;ssl=1\" alt=\"GERARDMAISONSALFORT91\" class=\"wp-image-402 size-full\" srcset=\"https:\/\/i0.wp.com\/unfe.fr\/wp-content\/uploads\/2016\/11\/GERARDMAISONSALFORT91.jpg?w=848 848w, https:\/\/i0.wp.com\/unfe.fr\/wp-content\/uploads\/2016\/11\/GERARDMAISONSALFORT91.jpg?resize=300%2C189 300w, https:\/\/i0.wp.com\/unfe.fr\/wp-content\/uploads\/2016\/11\/GERARDMAISONSALFORT91.jpg?resize=768%2C483 768w\" sizes=\"(max-width: 848px) 100vw, 848px\" data-recalc-dims=\"1\" \/><\/figure><div class=\"wp-block-media-text__content\">\n<p>Il s\u2019est battu toute sa vie pour le d\u00e9veloppement et la d\u00e9fense du Football Entreprise. Il est rest\u00e9 pendant 45 ans \u00e0 la t\u00eate de son club des Communaux de Maisons-Alfort avec lequel il conna\u00eetra l\u2019\u00e9lite. <br>Avec comme point d\u2019orgue l\u2019organisation en 1991 (<strong><span class=\"has-inline-color has-luminous-vivid-orange-color\">cf photo<\/span><\/strong>) de la finale de la Coupe Nationale avec 3 000 spectateurs parmi lesquels le Pr\u00e9sident de la F\u00e9d\u00e9ration Fran\u00e7aise de Football.&nbsp;Une autre \u00e9poque.<br><\/p>\n<\/div><\/div>\n\n\n\n<p>G\u00e9rard participait \u00e9galement aux r\u00e9unions de la LPIFF qui rassemblait le Coll\u00e8ge des Pr\u00e9sidents ainsi qu&#8217;aux r\u00e9unions r\u00e9guli\u00e8res entre l&#8217;UCEFF et la LPIFF pour faire avancer le Football Entreprise francilien.&nbsp; &nbsp;<\/p>\n\n\n\n<div class=\"wp-block-media-text alignwide has-media-on-the-right is-stacked-on-mobile\" style=\"grid-template-columns:auto 40%\"><figure class=\"wp-block-media-text__media\"><img decoding=\"async\" loading=\"lazy\" width=\"896\" height=\"672\" src=\"https:\/\/i0.wp.com\/unfe.frwp-content\/uploads\/2016\/11\/GAREDRECOMENSEFACTOFRANCE2015AG.jpg?resize=896%2C672&#038;ssl=1\" alt=\"GAREDRECOMENSEFACTOFRANCE2015AG\" class=\"wp-image-403 size-full\" srcset=\"https:\/\/i0.wp.com\/unfe.fr\/wp-content\/uploads\/2016\/11\/GAREDRECOMENSEFACTOFRANCE2015AG.jpg?w=896 896w, https:\/\/i0.wp.com\/unfe.fr\/wp-content\/uploads\/2016\/11\/GAREDRECOMENSEFACTOFRANCE2015AG.jpg?resize=300%2C225 300w, https:\/\/i0.wp.com\/unfe.fr\/wp-content\/uploads\/2016\/11\/GAREDRECOMENSEFACTOFRANCE2015AG.jpg?resize=768%2C576 768w\" sizes=\"(max-width: 896px) 100vw, 896px\" data-recalc-dims=\"1\" \/><\/figure><div class=\"wp-block-media-text__content\">\n<p>Outre cet investissement personnel fort, qualit\u00e9 de plus en plus rare, il montrait de fa\u00e7on constante des qualit\u00e9s de calme, de s\u00e9r\u00e9nit\u00e9 et d&#8217;autorit\u00e9 quand c&#8217;est indispensable. Prenant toujours le recul n\u00e9cessaire, G\u00e9rard a toujours r\u00e9ussi \u00e0 forcer le respect des interlocuteurs qu&#8217;il c\u00f4toyait lors des r\u00e9unions auxquelles il participait.<br>Il avouait modestement ne pas avoir eu une grande carri\u00e8re de joueur ce qui ne l&#8217;emp\u00eachait pas de bien connaitre le football. Il avait pratiqu\u00e9 jusqu\u2019en 1978 et au poste de milieu droit les clubs de l\u2019US METRO, CA Montreuil, US EVRY et &nbsp;Arcueil. Une hernie discale mit fin pr\u00e9cocement \u00e0 sa carri\u00e8re de joueur.<\/p>\n<\/div><\/div>\n\n\n\n<div class=\"wp-block-media-text alignwide is-stacked-on-mobile\" style=\"grid-template-columns:31% auto\"><figure class=\"wp-block-media-text__media\"><img decoding=\"async\" loading=\"lazy\" width=\"532\" height=\"480\" src=\"https:\/\/i0.wp.com\/unfe.frwp-content\/uploads\/2016\/11\/GERARDOPANINI.jpg?resize=532%2C480&#038;ssl=1\" alt=\"GERARDOPANINI\" class=\"wp-image-400 size-full\" srcset=\"https:\/\/i0.wp.com\/unfe.fr\/wp-content\/uploads\/2016\/11\/GERARDOPANINI.jpg?w=532 532w, https:\/\/i0.wp.com\/unfe.fr\/wp-content\/uploads\/2016\/11\/GERARDOPANINI.jpg?resize=300%2C271 300w\" sizes=\"(max-width: 532px) 100vw, 532px\" data-recalc-dims=\"1\" \/><\/figure><div class=\"wp-block-media-text__content\">\n<p>Outre le football, et du c\u00f4t\u00e9 personnel, G\u00e9rard avait une autre passion m\u00e9connue&nbsp;: la peinture.<br>Il nous avait modestement avou\u00e9 qu\u2019il ne s\u2019agissait pas vraiment d\u2019une passion mais plut\u00f4t d\u2019un d\u00e9rivatif de sa vie active, tumultueuse, agressive que nous vivons les uns et les autres.<br>En fait, il lui a pris, un jour de mars 2008, comme il nous l\u2019avait indiqu\u00e9, l\u2019envie de peindre des oiseaux.<br>En conclusion et corr\u00e9lativement, nous pouvons le remercier pour l\u2019envol qu\u2019il a donn\u00e9 au football Entreprise francilien.<\/p>\n\n\n\n<p><br>MERCI G\u00e9rard<\/p>\n<\/div><\/div>\n","protected":false},"excerpt":{"rendered":"<p>G\u00e9rard JACQUES&nbsp;: passion, discr\u00e9tion et humanit\u00e9 &nbsp; Aujourd\u2019hui, nous tenons \u00e0 mettre en \u00e9vidence G\u00e9rard JACQUES disparu en Mars 2021 apr\u00e8s une longue maladie. Ce tr\u00e8s grand d\u00e9fenseur du Football Entreprise, comme Jean VERBEKE dont il \u00e9tait proche, a \u00e9t\u00e9 un&nbsp; dirigeant tr\u00e8s actif pendant longtemps au sein de son club des Communaux de Maisons [&hellip;]<\/p>\n","protected":false},"author":3,"featured_media":408,"comment_status":"open","ping_status":"closed","sticky":false,"template":"","format":"standard","meta":{"_monsterinsights_skip_tracking":false,"_monsterinsights_sitenote_active":false,"_monsterinsights_sitenote_note":"","_monsterinsights_sitenote_category":0,"footnotes":""},"categories":[12,11,13],"tags":[],"jetpack_sharing_enabled":true,"jetpack_featured_media_url":"https:\/\/i0.wp.com\/unfe.fr\/wp-content\/uploads\/2016\/11\/GERARDRECOMPENSESREIMS20135.jpg?fit=800%2C536","_links":{"self":[{"href":"http:\/\/unfe.fr\/index.php?rest_route=\/wp\/v2\/posts\/9652"}],"collection":[{"href":"http:\/\/unfe.fr\/index.php?rest_route=\/wp\/v2\/posts"}],"about":[{"href":"http:\/\/unfe.fr\/index.php?rest_route=\/wp\/v2\/types\/post"}],"author":[{"embeddable":true,"href":"http:\/\/unfe.fr\/index.php?rest_route=\/wp\/v2\/users\/3"}],"replies":[{"embeddable":true,"href":"http:\/\/unfe.fr\/index.php?rest_route=%2Fwp%2Fv2%2Fcomments&post=9652"}],"version-history":[{"count":6,"href":"http:\/\/unfe.fr\/index.php?rest_route=\/wp\/v2\/posts\/9652\/revisions"}],"predecessor-version":[{"id":9667,"href":"http:\/\/unfe.fr\/index.php?rest_route=\/wp\/v2\/posts\/9652\/revisions\/9667"}],"wp:featuredmedia":[{"embeddable":true,"href":"http:\/\/unfe.fr\/index.php?rest_route=\/wp\/v2\/media\/408"}],"wp:attachment":[{"href":"http:\/\/unfe.fr\/index.php?rest_route=%2Fwp%2Fv2%2Fmedia&parent=9652"}],"wp:term":[{"taxonomy":"category","embeddable":true,"href":"http:\/\/unfe.fr\/index.php?rest_route=%2Fwp%2Fv2%2Fcategories&post=9652"},{"taxonomy":"post_tag","embeddable":true,"href":"http:\/\/unfe.fr\/index.php?rest_route=%2Fwp%2Fv2%2Ftags&post=9652"}],"curies":[{"name":"wp","href":"https:\/\/api.w.org\/{rel}","templated":true}]}}