{"id":6846,"date":"2021-05-28T22:43:19","date_gmt":"2021-05-28T20:43:19","guid":{"rendered":"http:\/\/unfe.fr\/?p=6846"},"modified":"2021-10-21T18:13:07","modified_gmt":"2021-10-21T16:13:07","slug":"la-rencontre-avec-pierre-husson","status":"publish","type":"post","link":"https:\/\/unfe.fr\/?p=6846","title":{"rendered":"LA RENCONTRE &#8211; Pierre HUSSON"},"content":{"rendered":"\n<h3 class=\"wp-block-heading\">Rematch et l\u2019UNFE&nbsp;: un fondu encha\u00een\u00e9 r\u00e9ussi<\/h3>\n\n\n\n<hr class=\"wp-block-separator\"\/>\n\n\n\n<p class=\"has-text-align-justify\">JPP comme \u2018\u2019\u2019<em>Je Participe au Projet\u2019<\/em>\u2019&nbsp;: c\u2019est sans doute ce que Jean-Pierre PAPIN a exprim\u00e9 \u00e0 <strong>Pierre HUSSON, Fran\u00e7ois&nbsp;ALARY&nbsp;<\/strong>et<strong> Franck SI-HASSEN<\/strong> en 2018 quand il a d\u00e9couvert le projet des 3 co-fondateurs de Rematch. Un ex-joueur professionnel, Ballon d\u2019OR en 1991 avec le Bayern de Munich, qui adh\u00e8re et int\u00e8gre un projet dont le but est de donner une visibilit\u00e9 au football amateur, \u00e0 un point jamais atteint&nbsp;: c\u2019est \u00e0 souligner.<br>Pierre HUSSON est donc \u00e0 la co-origine de Rematch. Rembobinons&nbsp;!<\/p>\n\n\n\n<div class=\"wp-block-media-text alignwide is-stacked-on-mobile\" style=\"grid-template-columns:32% auto\"><figure class=\"wp-block-media-text__media\"><img decoding=\"async\" loading=\"lazy\" width=\"400\" height=\"237\" src=\"https:\/\/i0.wp.com\/unfe.frwp-content\/uploads\/2021\/05\/rematch-logo.jpg?resize=400%2C237&#038;ssl=1\" alt=\"\" class=\"wp-image-6872\" srcset=\"https:\/\/i0.wp.com\/unfe.fr\/wp-content\/uploads\/2021\/05\/rematch-logo.jpg?w=400&amp;ssl=1 400w, https:\/\/i0.wp.com\/unfe.fr\/wp-content\/uploads\/2021\/05\/rematch-logo.jpg?resize=300%2C178&amp;ssl=1 300w\" sizes=\"(max-width: 400px) 100vw, 400px\" data-recalc-dims=\"1\" \/><\/figure><div class=\"wp-block-media-text__content\">\n<p class=\"has-text-align-justify has-normal-font-size\">Nous sommes en 2017 et une id\u00e9e, que dis-je, une innovation fait son chemin dans la t\u00eate de ce jeune dipl\u00f4m\u00e9 d\u2019une grand Ecole de management, celle de proposer, voire d\u2019offrir aux 160 000 clubs de sports principalement collectifs la possibilit\u00e9 et m\u00eame la chance d\u2019immortaliser les images de la vie et activit\u00e9 de leurs clubs et, cerise sur le g\u00e2teau, de les partager instantan\u00e9ment.<\/p>\n<\/div><\/div>\n\n\n\n<p class=\"has-text-align-justify\">Apr\u00e8s avoir convaincu des partenaires et contribu\u00e9 \u00e0 assembler un joli casting, Pierre HUSSON a donc offert l\u2019opportunit\u00e9 pour les clubs de f\u00e9d\u00e9rer autour de ce projet et ce, gr\u00e2ce \u00e0 une machine \u00e0 remonter le temps&nbsp;: Rematch.<br>\u2018\u2019<em>Papa, tu peux me cam\u00e9raliser<\/em>&nbsp;?\u2019\u2019 Voil\u00e0 un verbe, certes absent du dictionnaire, que certains tr\u00e8s jeunes enfants emploient, c\u2019est du v\u00e9cu, quand ils demandent \u00e0 leurs papas de les filmer sur leur v\u00e9lo, ou avec un ballon dans les pieds. Le verbe \u2018\u2019Rematcher\u2019\u2019 fait d\u2019ailleurs d\u00e9j\u00e0 son bonhomme de chemin au sein de la communaut\u00e9 actuelle des Rematcheurs.<br>Pierre HUSSON a donc mis en images son projet et pour le plaisir qu\u2019il offre tous les week-ends \u00e0 tous ceux qui aiment d\u00e9sormais se voir r\u00e9aliser un retourn\u00e9 acrobatique \u00e0 la Amara SIMBA en 1990 au Parc des Princes, ou marquer un but de raccroc \u00e0 la William GALLAS au stade de France en 2009, il doit \u00eatre remerci\u00e9, avec son \u00e9quipe, d\u2019avoir d\u00e9nich\u00e9 cette belle p\u00e9pite.<br>A l\u2019issue de contacts riches, constructifs et tr\u00e8s appr\u00e9ci\u00e9s, et de la signature, le 3 Mai dernier, de la convention qui unit dor\u00e9navant Rematch \u00e0 l\u2019UNFE, notre reporter a parcouru la Nouvelle Aquitaine. Il s\u2019agissait pour lui de recueillir d\u2019une part quelques t\u00e9moignages personnels au sujet de Pierre mais surtout pour en conna\u00eetre plus sur ce gar\u00e7on dynamique, modeste et plein d\u2019\u00e9nergie&nbsp;: \u2018<em>\u2019un p\u2019tit gars qui n\u2019en veut<\/em>&nbsp;!\u2019\u2019 Comme le disaient si bien les D\u00e9chiens.&nbsp;<\/p>\n\n\n\n<p style=\"color:#0071a1\" class=\"has-text-color has-medium-font-size\"><strong><span class=\"has-inline-color has-vivid-cyan-blue-color\"><span style=\"text-decoration: underline;\">Pierre HUSSON<\/span><\/span><\/strong><\/p>\n\n\n\n<p style=\"color:#0071a1\" class=\"has-text-color\"><strong>La Nouvelle Aquitaine est-elle ta r\u00e9gion d\u2019origine&nbsp;?<\/strong><\/p>\n\n\n\n<p>Oui, je suis n\u00e9 \u00e0 Bruges (33), j\u2019ai r\u00e9alis\u00e9 mes \u00e9tudes \u00e0 Kedge Bordeaux (PGE) et nous avons lanc\u00e9 Rematch \u00e0 Bordeaux en 2017&nbsp;!<\/p>\n\n\n\n<p style=\"color:#0071a1\" class=\"has-text-color\"><strong>Comment as-tu d\u00e9couvert le foot?&nbsp;<\/strong><\/p>\n\n\n\n<p>Au coll\u00e8ge \u00e0 la r\u00e9cr\u00e9\u2026 on jouait avec un ballon en mousse. J\u2019adorais \u00e7a&nbsp;!<br>Tr\u00e8s vite, j\u2019ai pris un abonnement au stade Chaban Delmas (virage sud) pour aller voir jouer les Girondins. Je suis toujours abonn\u00e9 depuis.<br>Le foot me suit depuis tout petit, mais je n\u2019ai commenc\u00e9 \u00e0 jouer en club qu\u2019\u00e0 20 ans apr\u00e8s avoir jou\u00e9 au tennis.<\/p>\n\n\n\n<p style=\"color:#0071a1\" class=\"has-text-color\"><strong>Un regret dans ton parcours&nbsp;ou ton meilleur souvenir sur le terrain&nbsp;?<\/strong><\/p>\n\n\n\n<p>Mon meilleur souvenir au stade Chaban, c\u2019est le but de Gourcuff contre le PSG en 2009 o\u00f9 il enrhume toute la d\u00e9fense&nbsp;! Encha\u00eenement roulette, double contact et frappe encha\u00een\u00e9e&nbsp;! Le stade \u00e9tait en folie&nbsp;!!!<br>Sur le terrain, je dirais ma premi\u00e8re s\u00e9lection en \u00e9quipe premi\u00e8re aux JSA CPA (mon club de foot).<\/p>\n\n\n\n<p style=\"color:#0071a1\" class=\"has-text-color\"><strong>La vid\u00e9o et les m\u00e9dias semblent composer une partie de ton univers. En 2016, tu \u00e9tais b\u00e9n\u00e9vole dans l\u2019\u00e9quipe d\u2019assistance des \u00e9quipes m\u00e9dia lors des matchs de l&#8217;UEFA EURO \u00e0 Bordeaux. Peux-tu nous en dire plus sur cette exp\u00e9rience&nbsp;?&nbsp;<\/strong><\/p>\n\n\n\n<div class=\"wp-block-media-text alignwide is-stacked-on-mobile\" style=\"grid-template-columns:39% auto\"><figure class=\"wp-block-media-text__media\"><img decoding=\"async\" loading=\"lazy\" width=\"363\" height=\"505\" src=\"https:\/\/i0.wp.com\/unfe.frwp-content\/uploads\/2021\/05\/photo-phusson-3.jpg?resize=363%2C505&#038;ssl=1\" alt=\"\" class=\"wp-image-6862\" srcset=\"https:\/\/i0.wp.com\/unfe.fr\/wp-content\/uploads\/2021\/05\/photo-phusson-3.jpg?w=363&amp;ssl=1 363w, https:\/\/i0.wp.com\/unfe.fr\/wp-content\/uploads\/2021\/05\/photo-phusson-3.jpg?resize=216%2C300&amp;ssl=1 216w\" sizes=\"(max-width: 363px) 100vw, 363px\" data-recalc-dims=\"1\" \/><\/figure><div class=\"wp-block-media-text__content\">\n<p>C\u2019\u00e9tait une exp\u00e9rience extraordinaire. Je rentrais tout juste d\u2019un stage de 6 mois en Belgique dans une agence de marketing sportif&nbsp;: Zelos.<br>J\u2019avais entendu parler de ce programme de volontaires pour l\u2019euro 2016, et j\u2019ai donc candidat\u00e9.<br>J\u2019ai eu la chance d\u2019\u00eatre s\u00e9lectionn\u00e9 dans l\u2019\u00e9quipe \u00ab&nbsp;M\u00e9dias&nbsp;\u00bb.<br>Ma mission&nbsp;: accompagner les m\u00e9dias pr\u00e9sents les jours de match (journalistes, photographes, TV\u2026).<br>C\u2019est tr\u00e8s clairement l\u2019une des plus belles exp\u00e9riences de ma vie. Je garde en t\u00eate l\u2019ambiance extraordinaire du Belgique \/ Irlande en bord de touche\u2026 wow&nbsp;!<\/p>\n<\/div><\/div>\n\n\n\n<p style=\"color:#0071a1\" class=\"has-text-color\"><strong>A 28 ans, apr\u00e8s avoir obtenu ton dipl\u00f4me au sein de Kedge Business school Bordeaux, grande \u00e9cole de commerce et de management install\u00e9e \u00e0 Bordeaux, tu as d\u00e9cid\u00e9 de braquer, en 2017, tes projecteurs sur les acteurs du sport amateur.<br>Le c\u00e9l\u00e8bre livre \u2018<em>\u2019La machine \u00e0 remonter le temps\u2019\u2019<\/em> de H.G. WELLS a-t-elle \u00e9t\u00e9 ta source d\u2019inspiration&nbsp;? Plus s\u00e9rieusement, quel a \u00e9t\u00e9 le d\u00e9clic pour t\u2019orienter vers ce nouveau challenge&nbsp;?<\/strong><br><\/p>\n\n\n\n<p>J\u2019ai toujours eu envie de travailler dans le sport. Avec mes potes, on imaginait souvent des id\u00e9es \u00e0 mettre en place dans ce domaine&nbsp;!<br>Rematch est n\u00e9 suite \u00e0 des discussions post match avec mes co\u00e9quipiers des JSA CPA. Je trouvais fou le temps qu\u2019on passait \u00e0 refaire le match. Il nous manquait une chose&nbsp;: les vid\u00e9os&nbsp;!<br>C\u2019est ainsi que j\u2019ai eu l\u2019id\u00e9e de cr\u00e9er Rematch, une plateforme qui permettrait de r\u00e9f\u00e9rencer les vid\u00e9os des millions de matchs de sport amateur qui ont lieu chaque ann\u00e9e en France.<br>Cependant, une probl\u00e9matique est venue mettre un frein \u00e0 cette id\u00e9e : Le contenu vid\u00e9o brut du sport amateur n\u2019est pas tr\u00e8s \u00ab sexy \u00bb, souvent trop long, ennuyeux\u2026 Il n\u2019est pas ais\u00e9 de regarder 90 minutes d\u2019un match de football amateur par exemple : trop de temps morts, pas de commentaires\u2026<br>C\u2019est <strong>Fran\u00e7ois Alary<\/strong>, CTO de Rematch qui est le cr\u00e9ateur de la fameuse \u00ab&nbsp;machine \u00e0 remonter le temps&nbsp;\u00bb&nbsp;!<\/p>\n\n\n\n<p><em>NDLR&nbsp;: Fran\u00e7ois ALARY, 3<sup>\u00e8me<\/sup> co-fondateur, est Ing\u00e9nieur informaticien et s\u2019est pench\u00e9 sur les possibilit\u00e9s techniques qui se pr\u00e9sentaient pour parvenir \u00e0 remonter le temps. Ses comp\u00e9tences informatiques ont \u00e9t\u00e9 et sont toujours pr\u00e9cieuses.&nbsp;<\/em>(<em>cf photo 3\u00e8me \u00e0 droite<\/em>)<\/p>\n\n\n\n<p>Celle-ci permet de capturer les meilleurs moments d\u2019une rencontre sportive gr\u00e2ce \u00e0 des \u00ab boutons flashback \u00bb que la personne qui filme utilisera \u00e0 la mani\u00e8re de ce que peut faire un Wazer pour la circulation.<br>Tuto&nbsp;: <a href=\"https:\/\/youtu.be\/WhK0vWEoH6o\">https:\/\/youtu.be\/WhK0vWEoH6o<\/a><\/p>\n\n\n\n<p style=\"color:#0071a1\" class=\"has-text-color #1962d1\"><strong>Est-ce l\u2019\u00e9mission d\u2019Eug\u00e8ne SACCOMANO \u2018<em>\u2019On refait le match<\/em>\u2019\u2019 qui vous a inspir\u00e9 son appellation Rematch&nbsp;?<\/strong><\/p>\n\n\n\n<p>Ce n\u2019est pas vraiment ma g\u00e9n\u00e9ration. En revanche, c\u2019est clairement adapt\u00e9 \u00e0 cette notion de pouvoir enfin voir et revoir les meilleurs moments du sport amateur&nbsp;!<br>\u00ab&nbsp;Quand y\u2019a match, y\u2019a Rematch&nbsp;\u00bb<\/p>\n\n\n\n<p style=\"color:#0071a1\" class=\"has-text-color\"><strong>Aujourd\u2019hui, tu es CEO et cofondateur de la startup Rematch, les highlights du sport amateur.<br>Tu appartiens \u00e0 une \u00e9quipe. Peux-tu qualifier, en un seul mot, tes associ\u00e9s Franck Alary et Franck Si-Hassen&nbsp;?<\/strong><\/p>\n\n\n\n<p>Sans eux, mon id\u00e9e serait tr\u00e8s certainement rest\u00e9e dans un coin de ma t\u00eate. Franck m\u2019a aid\u00e9 \u00e0 faire m\u00fbrir mon id\u00e9e pour qu\u2019elle devienne un v\u00e9ritable concept. Fran\u00e7ois a su trouver le concept technique qui permettrait de r\u00e9aliser cette id\u00e9e.<br>Le plus beau, c\u2019est que Franck et moi sommes cousins, et que Fran\u00e7ois et moi sommes potes depuis le lyc\u00e9e\u2026 en 2\u00b06.<br>En un mot Frankie et Fran\u00e7ouille&nbsp;? La famille.<\/p>\n\n\n\n<p><strong>Franck SI-HASSEN<\/strong>, cousin de Pierre et co-fondateur de Rematch est fan de foot mais de cyclisme et r\u00e9gion oblige, de rugby. Son exp\u00e9rience et sa connaissance du monde de l\u2019entreprises et plus sp\u00e9cifiquement des m\u00e9canismes des startups, a \u00e9t\u00e9 un pr\u00e9cieux atout dans le montage et le d\u00e9veloppement de leur projet. Voil\u00e0 ce qu\u2019l avait r\u00e9pondu \u00e0 un journaliste de La D\u00e9p\u00eache France Soir en F\u00e9vrier dernier&nbsp;: \u2018\u2019 Les associations vivent gr\u00e2ce \u00e0 leurs b\u00e9n\u00e9voles, leurs temps et leur argent. Or, ce monde amateur vit une baisse structurelle des moyens. Le sport reste un trait d\u2019union dans la soci\u00e9t\u00e9. Il n\u2019y en a h\u00e9las plus beaucoup.<\/p>\n\n\n\n<div class=\"wp-block-media-text alignwide is-stacked-on-mobile\" style=\"grid-template-columns:45% auto\"><figure class=\"wp-block-media-text__media\"><img decoding=\"async\" loading=\"lazy\" width=\"635\" height=\"354\" src=\"https:\/\/i0.wp.com\/unfe.frwp-content\/uploads\/2021\/05\/EQUIPE.jpg?resize=635%2C354&#038;ssl=1\" alt=\"\" class=\"wp-image-6858\" srcset=\"https:\/\/i0.wp.com\/unfe.fr\/wp-content\/uploads\/2021\/05\/EQUIPE.jpg?w=635&amp;ssl=1 635w, https:\/\/i0.wp.com\/unfe.fr\/wp-content\/uploads\/2021\/05\/EQUIPE.jpg?resize=300%2C167&amp;ssl=1 300w\" sizes=\"(max-width: 635px) 100vw, 635px\" data-recalc-dims=\"1\" \/><\/figure><div class=\"wp-block-media-text__content\">\n<p class=\"has-background has-text-align-justify has-pale-cyan-blue-background-color\">Il a \u00e9galement donn\u00e9 son avis sur Pierre HUSSON&nbsp;:<br><strong><em><span class=\"has-inline-color has-very-dark-gray-color\">&#8220;Avec Pierre depuis la cr\u00e9ation de Rematch il y bient\u00f4t 4 ans, je suis chaque jour bluff\u00e9 par son enthousiasme et par son \u00e9nergie positive. En termes sportifs, on peut dire \u00e0 la fois &#8220;qu&#8217;il ne l\u00e2che rien&#8221; et &#8220;qu&#8217;il entra\u00eene toute l&#8217;\u00e9quipe avec lui&#8221;. Un pur bonheur pour toutes celles et ceux qui travaillent avec lui.&#8221;<\/span><\/em><\/strong><\/p>\n<\/div><\/div>\n\n\n\n<p style=\"color:#0071a1\" class=\"has-text-color\"><strong>Pr\u00e9sente-nous en quelques mots le reste de l\u2019\u00e9quipe&nbsp;? C\u2019est quoi l\u2019ambiance&nbsp;?<\/strong><\/p>\n\n\n\n<p>C\u2019est cette \u00e9quipe qui repr\u00e9sente ma plus grande fiert\u00e9&nbsp;! Aujourd\u2019hui, c\u2019est 13 personnes qui travaillent chez Rematch en ayant pour objectif commun de faire rayonner le sport amateur&nbsp;!<br>L\u2019ambiance est juste dingue&nbsp;! Bon, \u00e7a chambre beaucoup, mais c\u2019est aussi \u00e7a le sport. On forme d\u2019ailleurs une \u00e9quipe de foot. On vous attend pour les tournois de cet \u00e9t\u00e9.<\/p>\n\n\n\n<p style=\"color:#0071a1\" class=\"has-text-color\"><strong>Jean-Pierre PAPIN vous a rejoints en 2018. Quel est son r\u00f4le&nbsp;?<\/strong><\/p>\n\n\n\n<p>Jean-Pierre a toujours \u00e9t\u00e9 impliqu\u00e9 dans le sport amateur. Il avait lanc\u00e9 un site \u00ab&nbsp;LePlusBeauBut&nbsp;\u00bb pour r\u00e9compenser les plus beaux buts amateurs. Apr\u00e8s avoir identifi\u00e9 l\u2019objectif et le potentiel de Rematch, nous avons absorb\u00e9 son produit et sa communaut\u00e9. Il est devenu associ\u00e9 et ambassadeur de Rematch.<\/p>\n\n\n\n<div class=\"wp-block-image\"><figure class=\"aligncenter size-large is-resized\"><img decoding=\"async\" loading=\"lazy\" src=\"https:\/\/i0.wp.com\/unfe.frwp-content\/uploads\/2021\/05\/EQUUIPE-2-1024x683.jpg?resize=461%2C307&#038;ssl=1\" alt=\"\" class=\"wp-image-6861\" width=\"461\" height=\"307\" srcset=\"https:\/\/i0.wp.com\/unfe.fr\/wp-content\/uploads\/2021\/05\/EQUUIPE-2.jpg?resize=1024%2C683&amp;ssl=1 1024w, https:\/\/i0.wp.com\/unfe.fr\/wp-content\/uploads\/2021\/05\/EQUUIPE-2.jpg?resize=300%2C200&amp;ssl=1 300w, https:\/\/i0.wp.com\/unfe.fr\/wp-content\/uploads\/2021\/05\/EQUUIPE-2.jpg?resize=768%2C512&amp;ssl=1 768w, https:\/\/i0.wp.com\/unfe.fr\/wp-content\/uploads\/2021\/05\/EQUUIPE-2.jpg?resize=1536%2C1024&amp;ssl=1 1536w, https:\/\/i0.wp.com\/unfe.fr\/wp-content\/uploads\/2021\/05\/EQUUIPE-2.jpg?resize=2048%2C1365&amp;ssl=1 2048w\" sizes=\"(max-width: 461px) 100vw, 461px\" data-recalc-dims=\"1\" \/><\/figure><\/div>\n\n\n\n<p style=\"color:#0071a1\" class=\"has-text-color\"><strong>Quel est ton meilleur souvenir des d\u00e9buts de Rematch&nbsp;?<\/strong><\/p>\n\n\n\n<p>Les premiers matchs durant lesquels nous avons fait tester l\u2019application Rematch d\u00e9but 2018. C\u2019\u00e9tait \u00e0 la fois effrayant et excitant&nbsp;! On \u00e9tait persuad\u00e9s que l\u2019app \u00e9tait parfaite, intuitive\u2026 bah pas vraiment, on bord terrain on encha\u00eenait les bugs&nbsp;!<br>C\u2019est super enrichissant de se nourrir de ces premiers tests pour construire une version optimale de l\u2019app. C\u2019est tr\u00e8s certainement les mois durant lesquels on a le plus appris&nbsp;!<\/p>\n\n\n\n<p style=\"color:#1962d1\" class=\"has-text-color\"><strong>Le club de foot dans lequel tu \u00e9volues a-t-il \u00e9t\u00e9 votre laboratoire pour tester le produit&nbsp;? Quel est ce club et \u00e0 quel poste joues-tu&nbsp;?&nbsp;<\/strong>&nbsp;&nbsp;&nbsp;&nbsp;<\/p>\n\n\n\n<p>Tout \u00e0 fait, les premiers matchs film\u00e9s avec Rematch ont \u00e9t\u00e9 ceux des JSA CPA&nbsp;! D\u2019ailleurs, c\u2019est moi qui ai marqu\u00e9 le premier but film\u00e9 sur l\u2019app (et \u00e7a n\u2019arrive vraiment, vraiment pas souvent) sauf que l\u2019appli (encore en version b\u00eata) a bugg\u00e9 et je n\u2019ai jamais pu le revoir&nbsp;!<br>Je joue au milieu de terrain.<\/p>\n\n\n\n<p style=\"color:#0071a1\" class=\"has-text-color\"><strong>Un autre club, de Football Entreprise cette fois, l\u2019Institut Bergoni\u00e9 a \u00e9t\u00e9 pr\u00e9curseur dans l\u2019utilisation de votre application Rematch. Explique-nous pourquoi ce club occupe une place privil\u00e9gi\u00e9e dans le c\u0153ur de Rematch&nbsp;?<\/strong><\/p>\n\n\n\n<p>Cela fait \u00e9galement partie de mes meilleurs souvenirs de l\u2019aventure Rematch&nbsp;! Mathieu Cholon, un pote, me parle de son \u00e9quipe de foot entreprise et me met en relation avec eux. C\u2019est l\u00e0 que je rencontre Fab, Arnaud et toute la Bergoteam. Ils ont de suite identifi\u00e9 le potentiel de Rematch pour mettre en lumi\u00e8re leur club. Je n\u2019ai jamais vu un club aussi bien utiliser Rematch. Ils faisaient une activation vid\u00e9o de dingue, ils nous ont permis d\u2019en apprendre encore plus sur notre produit et nous ont m\u00eame sugg\u00e9r\u00e9 des fonctionnalit\u00e9s qui existent aujourd\u2019hui. L\u2019un de leurs buts a d\u2019ailleurs \u00e9t\u00e9 \u00e9lu but de l\u2019ann\u00e9e&nbsp;!<\/p>\n\n\n\n<p><span class=\"has-inline-color has-vivid-cyan-blue-color\"><strong>L&#8217;avis de Fabien DUBOE :<\/strong><\/span><\/p>\n\n\n\n<p class=\"has-background has-text-align-justify has-pale-cyan-blue-background-color\"><strong><em><span class=\"has-inline-color has-very-dark-gray-color\">Fab, c\u2019est Fabien DUBOE (<a href=\"https:\/\/asibergonie.footeo.com\/\">https:\/\/asibergonie.footeo.com\/<\/a>) le Pr\u00e9sident-joueur du club de Football Entreprise de l\u2019Institut BERGONIE de Bordeaux. Ce club \u00e9volue en D2 mais ce qui est plus important, c\u2019est qu\u2019il est particuli\u00e8rement actif dans le domaine caritatif. L\u2019\u00e9tablissement de l\u2019Institut BERGONIE est l\u2019un des Centres de lutte contre le cancer en France. Ayant \u00e9t\u00e9 en quelque sorte pilote pour l\u2019\u00e9quipe REMATCH en 2018, le club a \u00e9t\u00e9 l\u2019un des pr\u00e9curseurs dans l\u2019utilisation de cette application.<\/span><\/em><\/strong><\/p>\n\n\n\n<div class=\"wp-block-media-text alignwide is-stacked-on-mobile\" style=\"grid-template-columns:28% auto\"><figure class=\"wp-block-media-text__media\"><img decoding=\"async\" loading=\"lazy\" width=\"255\" height=\"273\" src=\"https:\/\/i0.wp.com\/unfe.frwp-content\/uploads\/2021\/05\/FABIEN-DUBOE.jpg?resize=255%2C273&#038;ssl=1\" alt=\"\" class=\"wp-image-6854\" data-recalc-dims=\"1\"\/><\/figure><div class=\"wp-block-media-text__content\">\n<p style=\"font-size:17px\" class=\"has-background has-text-align-justify has-pale-cyan-blue-background-color\"><span class=\"has-inline-color has-very-dark-gray-color\"><em>Fabien DUBOE (cf photo) nous parle des d\u00e9buts de REMATCH et plus particuli\u00e8rement de Pierre HUSSON&nbsp;:<\/em><br><em>Il est pour moi difficile de ressortir un moment ou une anecdote sur Pierre en particulier, car je ne voudrais pas omettre le reste de son \u00e9quipe avec qui nous avons \u00e9t\u00e9 en contact \u00e0 leurs d\u00e9buts. Je vais vous raconter comment nos liens se sont cr\u00e9\u00e9s.<\/em><\/span><\/p>\n<\/div><\/div>\n\n\n\n<p class=\"has-text-color has-background has-text-align-justify has-very-dark-gray-color has-pale-cyan-blue-background-color\"><em><span class=\"has-inline-color has-very-dark-gray-color\">Pour l&#8217;histoire, nous avons d\u00e9couvert Pierre et son \u00e9quipe, un soir d&#8217;octobre 2018 sur le bord du terrain d&#8217;un de nos matchs de championnat. Ce soir-l\u00e0, ils nous ont fait tester l&#8217;appli. A cette p\u00e9riode, avec Arnaud (DELBREL) qui g\u00e8re avec moi le club et les r\u00e9seaux sociaux) nous \u00e9tions \u00e0 l&#8217;affut de nouveaut\u00e9s pour pouvoir d\u00e9velopper notre communication autour des matchs et nous avons tout de suite senti l&#8217;ing\u00e9niosit\u00e9 et l&#8217;originalit\u00e9 de l&#8217;application.<\/span><\/em><br><em><span class=\"has-inline-color has-very-dark-gray-color\">A la sortie de Rematch, fin janvier 2019, nous nous sommes directement lanc\u00e9s et nous nous sommes rapidement pris au jeu en publiant les r\u00e9sum\u00e9s de nos matchs sur notre page Facebook. C&#8217;est \u00e0 ce moment-l\u00e0, que nous avons eu les premiers contacts r\u00e9guliers avec Pierre et son \u00e9quipe, pour leur faire un retour d&#8217;exp\u00e9rience sur l&#8217;application et son utilisation.<\/span><\/em><\/p>\n\n\n\n<p class=\"has-background has-text-align-justify has-pale-cyan-blue-background-color\"><em><span class=\"has-inline-color has-very-dark-gray-color\">De notre c\u00f4t\u00e9, nous sommes all\u00e9s plus loin dans notre d\u00e9marche en proposant l&#8217;envoi des vid\u00e9os de nos buts et ceux de l&#8217;adversaire en &#8220;quasi direct&#8221; sur notre page FB, ce qui permettait \u00e0 ceux qui nous suivent de voir en m\u00eame temps le score du match mais aussi les buts marqu\u00e9s associ\u00e9s. Dans le m\u00eame temps, le succ\u00e8s de l&#8217;appli leur a permis de d\u00e9velopper diff\u00e9rents partenariat avec JPP, le quotidien r\u00e9gional Sud-Ouest, la chaine de TV locale TV7 et le district de Bordeaux notamment. Ces partenariats nous ont permis \u00e0 nous footballeurs amateurs d&#8217;avoir une visibilit\u00e9 sur les r\u00e9seaux d\u00e9partementaux et r\u00e9gionaux. Et gr\u00e2ce \u00e0 Rematch, nous avons gagn\u00e9 \u00e0 cette p\u00e9riode, le troph\u00e9e du But de l&#8217;ann\u00e9e 2019 organis\u00e9 par Footeo (Cf photo ci-dessous).<\/span><\/em><\/p>\n\n\n\n<div class=\"wp-block-image\"><figure class=\"aligncenter size-large is-resized\"><img decoding=\"async\" loading=\"lazy\" src=\"https:\/\/i0.wp.com\/unfe.frwp-content\/uploads\/2021\/05\/Pierre-Husson-Raphael-Janaszewski-Fabien-Dubo\u00e9-but-de-lann\u00e9e-3.jpg?resize=451%2C247&#038;ssl=1\" alt=\"\" class=\"wp-image-6868\" width=\"451\" height=\"247\" srcset=\"https:\/\/i0.wp.com\/unfe.fr\/wp-content\/uploads\/2021\/05\/Pierre-Husson-Raphael-Janaszewski-Fabien-Dubo\u00e9-but-de-lann\u00e9e-3.jpg?w=984&amp;ssl=1 984w, https:\/\/i0.wp.com\/unfe.fr\/wp-content\/uploads\/2021\/05\/Pierre-Husson-Raphael-Janaszewski-Fabien-Dubo\u00e9-but-de-lann\u00e9e-3.jpg?resize=300%2C165&amp;ssl=1 300w, https:\/\/i0.wp.com\/unfe.fr\/wp-content\/uploads\/2021\/05\/Pierre-Husson-Raphael-Janaszewski-Fabien-Dubo\u00e9-but-de-lann\u00e9e-3.jpg?resize=768%2C422&amp;ssl=1 768w\" sizes=\"(max-width: 451px) 100vw, 451px\" data-recalc-dims=\"1\" \/><figcaption><span class=\"has-inline-color has-luminous-vivid-orange-color\"><strong>Pierre Husson et Fabien Duboe encadrant Raphael Janazewski, <\/strong><\/span><br><span class=\"has-inline-color has-luminous-vivid-orange-color\"><strong>vainqueur du Troph\u00e9e<\/strong><\/span><\/figcaption><\/figure><\/div>\n\n\n\n<p class=\"has-background has-text-align-justify has-pale-cyan-blue-background-color\"><em><span class=\"has-inline-color has-very-dark-gray-color\">Leur enthousiasme et leurs sympathies nous ont permis de cr\u00e9er des liens privil\u00e9gi\u00e9s sur les 4 premiers mois du lancement de l&#8217;application, et sur cette p\u00e9riode, je retiendrai surtout le jour de notre demi-finale de Coupe d&#8217;Aquitaine VS Spatiale Aquitaine &#8211; Victoire 2-1 \u00e0 la derni\u00e8re minute, (le r\u00e9sum\u00e9 de ce match est \u00e0 revoir sur Rematch compte BergoTV Avril 2019). <\/span><\/em><\/p>\n\n\n\n<div class=\"wp-block-media-text alignwide is-stacked-on-mobile\" style=\"grid-template-columns:54% auto\"><figure class=\"wp-block-media-text__media\"><img decoding=\"async\" loading=\"lazy\" width=\"960\" height=\"720\" src=\"https:\/\/i0.wp.com\/unfe.frwp-content\/uploads\/2021\/05\/SFC-Bergoni\u00e9-2020-1.jpg?resize=960%2C720&#038;ssl=1\" alt=\"\" class=\"wp-image-6855\" srcset=\"https:\/\/i0.wp.com\/unfe.fr\/wp-content\/uploads\/2021\/05\/SFC-Bergoni\u00e9-2020-1.jpg?w=960&amp;ssl=1 960w, https:\/\/i0.wp.com\/unfe.fr\/wp-content\/uploads\/2021\/05\/SFC-Bergoni\u00e9-2020-1.jpg?resize=300%2C225&amp;ssl=1 300w, https:\/\/i0.wp.com\/unfe.fr\/wp-content\/uploads\/2021\/05\/SFC-Bergoni\u00e9-2020-1.jpg?resize=768%2C576&amp;ssl=1 768w\" sizes=\"(max-width: 960px) 100vw, 960px\" data-recalc-dims=\"1\" \/><\/figure><div class=\"wp-block-media-text__content\">\n<p class=\"has-background has-text-align-justify has-normal-font-size has-pale-cyan-blue-background-color\"><em><span class=\"has-inline-color has-very-dark-gray-color\">Ce jour-l\u00e0, nous (cf photo) avions invit\u00e9 Pierre et toute l&#8217;\u00e9quipe Rematch \u00e0 venir voir le match et aussi participer \u00e0 un barbecue que nous avions pr\u00e9vu apr\u00e8s le match. Ce fut un grand moment de convivialit\u00e9 entre eux et toute notre \u00e9quipe.<br>Par le biais de cet entretien, je souhaiterais sinc\u00e8rement les f\u00e9liciter pour le succ\u00e8s que l&#8217;application rencontre, leur ing\u00e9niosit\u00e9 et leurs qualit\u00e9s humaines ! Et je suis bien sur ravi et enchant\u00e9 par le partenariat qui vient d&#8217;\u00eatre sign\u00e9 avec le football entreprise !<\/span><\/em><\/p>\n<\/div><\/div>\n\n\n\n<hr class=\"wp-block-separator\"\/>\n\n\n\n<p style=\"color:#1962d1\" class=\"has-text-color\"><strong>Est-ce que tu as conscience que vous procurez, gr\u00e2ce \u00e0 cet outil, un grand bonheur \u00e0 beaucoup de footballeurs amateurs&nbsp;?<\/strong><\/p>\n\n\n\n<p>Je m\u2019en rends compte de plus en plus quand j\u2019entends parler de Rematch autour de moi. Toutes et tous sont trop contents de pouvoir revoir les meilleurs moments de leurs matchs et de les partager avec leurs amis, leur famille\u2026 Je suis fier de participer \u00e0 tous ces beaux moments.<\/p>\n\n\n\n<p style=\"color:#0071a1\" class=\"has-text-color\"><strong>Aider \u00e0 la digitalisation des clubs. Est-ce un des objectifs de Rematch&nbsp;?<\/strong><\/p>\n\n\n\n<p>Oui, c\u2019est m\u00eame l\u2019un des enjeux principaux de la soci\u00e9t\u00e9. Depuis 2017, nous avons senti une r\u00e9elle \u00e9volution \u00e0 ce niveau sur le march\u00e9 du sport amateur. La crise sanitaire a acc\u00e9l\u00e9r\u00e9 ce processus&nbsp;: aujourd\u2019hui, on fait des visios avec nos parents, nos grands-parents\u2026 Ce changement se ressent au sein des clubs amateurs.<br>Avant, le digital \u00e9tait un \u00e9l\u00e9ment secondaire, parfois d\u00e9laiss\u00e9 par ces clubs. Aujourd\u2019hui, les jeunes g\u00e9n\u00e9rations se rapprochent du b\u00e9n\u00e9volat en prenant le contr\u00f4le des sites et r\u00e9seaux sociaux des clubs. Rematch s\u2019inscrit parfaitement dans la lign\u00e9e de cette \u00e9volution&nbsp;: avec une personne au bord du terrain et sans mat\u00e9riel (un smartphone), ils peuvent diffuser les highlights de leurs matchs\u2026 comme les pros&nbsp;!<\/p>\n\n\n\n<figure class=\"wp-block-image size-large\"><img decoding=\"async\" loading=\"lazy\" width=\"654\" height=\"269\" src=\"https:\/\/i0.wp.com\/unfe.frwp-content\/uploads\/2021\/05\/equipe2.jpg?resize=654%2C269&#038;ssl=1\" alt=\"\" class=\"wp-image-6867\" srcset=\"https:\/\/i0.wp.com\/unfe.fr\/wp-content\/uploads\/2021\/05\/equipe2.jpg?w=654&amp;ssl=1 654w, https:\/\/i0.wp.com\/unfe.fr\/wp-content\/uploads\/2021\/05\/equipe2.jpg?resize=300%2C123&amp;ssl=1 300w\" sizes=\"(max-width: 654px) 100vw, 654px\" data-recalc-dims=\"1\" \/><figcaption><strong><span class=\"has-inline-color has-luminous-vivid-orange-color\">L&#8217;\u00e9quipe REMATCH<\/span><\/strong><\/figcaption><\/figure>\n\n\n\n<p style=\"color:#1962d1\" class=\"has-text-color\"><strong>Tu as \u00e9crit&nbsp;: \u2018<em>\u2019 Il est plus facile de trouver des images de Neymar ou Mbapp\u00e9 que celles d\u2019un club de district\u2019\u2019<\/em>. Outre le fait de donner l\u2019opportunit\u00e9 aux clubs de filmer leurs meilleurs moments, penses-tu que Rematch est \u00e9galement facilitateur technique et surtout f\u00e9d\u00e9rateur&nbsp;?<\/strong><\/p>\n\n\n\n<p>Exactement. Le besoin existait d\u00e9j\u00e0. Les clubs amateurs poss\u00e8dent des communaut\u00e9s extraordinaires&nbsp;! De nombreuses startups autour de nous essayent de cr\u00e9er une communaut\u00e9. Chez Rematch, nous jouons un r\u00f4le de f\u00e9d\u00e9rateur entre le club et ses fans. Tous (m\u00eame ceux qui sont loin) peuvent vivre et revivre les meilleurs moments des matchs de leur club de c\u0153ur\u2026 et ce en quelques clics sur la plateforme Rematch. Quand on multiplie les dizaines de milliers de matchs jou\u00e9s chaque week-end par tous les gens potentiellement int\u00e9ress\u00e9s par ces vid\u00e9os, on se rend compte de l\u2019engouement que repr\u00e9sente le sport amateur en France.<\/p>\n\n\n\n<p style=\"color:#0071a1\" class=\"has-text-color\"><strong>Je crois que vous \u00eates en train de mettre en place ou plut\u00f4t de peaufiner un nouveau process destin\u00e9 aux clubs qui souhaitent mettre en meilleure visibilit\u00e9 leurs sponsors&nbsp;et partenaires sur leurs images ? Peux-tu nous en dire plus sur cette innovation que ces entreprises partenaires devraient assur\u00e9ment appr\u00e9cier ?<\/strong><\/p>\n\n\n\n<p>Le sponsoring vid\u00e9o\/TV a toujours concern\u00e9 le seul sport professionnel.<br>Pourtant, les clubs et associations sportives amateurs sont en recherche permanente de nouveaux partenaires pour pallier les baisses de subventions publiques.<br>Et de leur c\u00f4t\u00e9, petits annonceurs locaux comme grandes marques nationales aiment qu\u2019on leur propose autre chose que l\u2019\u00e9ternel \u00ab&nbsp;panneau&nbsp;\u00bb autour du terrain ou le traditionnel \u00ab&nbsp;maillot&nbsp;\u00bb des diff\u00e9rentes \u00e9quipes.<br>Avec Rematch, les clubs peuvent maintenant commercialiser leur emplacement \u00ab&nbsp;vid\u00e9o&nbsp;\u00bb en activant une option premium.<br>Cela leur permet de g\u00e9n\u00e9rer de nouveaux revenus et de donner plus de visibilit\u00e9 \u00e0 leurs sponsors actuels capt\u00e9s dans les vid\u00e9os de leurs matchs.<\/p>\n\n\n\n<p style=\"color:#1962d1\" class=\"has-text-color\"><strong>Rematch et l\u2019UNFE ont sign\u00e9 tr\u00e8s r\u00e9cemment un <a href=\"https:\/\/unfe.fr?p=6824\">partenariat<\/a> innovant en faveur du Football Entreprise. Quelle sont les raisons qui vous ont incit\u00e9s \u00e0 vous rapprocher de notre association&nbsp;?<\/strong><\/p>\n\n\n\n<p>La vocation de Rematch est de mettre en lumi\u00e8re \u00ab&nbsp;tous les footballs&nbsp;\u00bb. Lorsque j\u2019ai assist\u00e9 \u00e0 mon premier match de foot entreprise avec l\u2019institut Bergoni\u00e9, je me suis dit qu\u2019il fallait que ces matchs soient mis en lumi\u00e8re sur Rematch.<\/p>\n\n\n\n<figure class=\"wp-block-pullquote is-style-default\" style=\"border-color:#0693e3\"><blockquote><p><span class=\"has-inline-color has-vivid-cyan-blue-color\">En devenant la solution de diffusion officielle de l\u2019UNFE, Rematch permet aux clubs, joueurs et tous les fans de ce sport de voir et revoir les meilleurs moments des matchs<\/span>.<\/p><\/blockquote><\/figure>\n\n\n\n<p>L\u2019UNFE se branche \u00e0 Rematch pour diffuser les highlights le plus largement possible sur ses supports de communication digitaux. <a href=\"https:\/\/unfe.fr?p=6824\">Avec ce partenariat<\/a>, le Football Entreprise est pr\u00eat \u00e0 rayonner \u00e0 la rentr\u00e9e&nbsp;!<\/p>\n\n\n\n<div class=\"wp-block-image\"><figure class=\"aligncenter size-large\"><img decoding=\"async\" loading=\"lazy\" width=\"512\" height=\"341\" src=\"https:\/\/i0.wp.com\/unfe.frwp-content\/uploads\/2021\/05\/5817035596064803792-1.jpg?resize=512%2C341&#038;ssl=1\" alt=\"\" class=\"wp-image-6866\" srcset=\"https:\/\/i0.wp.com\/unfe.fr\/wp-content\/uploads\/2021\/05\/5817035596064803792-1.jpg?w=512&amp;ssl=1 512w, https:\/\/i0.wp.com\/unfe.fr\/wp-content\/uploads\/2021\/05\/5817035596064803792-1.jpg?resize=300%2C200&amp;ssl=1 300w\" sizes=\"(max-width: 512px) 100vw, 512px\" data-recalc-dims=\"1\" \/><figcaption><strong><span class=\"has-inline-color has-luminous-vivid-orange-color\">Contrat sign\u00e9 devant le Matmut Atlantique \u00e0 Bordeaux entre Pierre HUSSON<\/span><\/strong><br><strong><span class=\"has-inline-color has-luminous-vivid-orange-color\"> et Didier BUISINE, vice-Pr\u00e9sident de l&#8217;UNFE <\/span><\/strong><\/figcaption><\/figure><\/div>\n\n\n\n<p style=\"color:#0071a1\" class=\"has-text-color\"><strong>Les matchs reprendront normalement \u00e0 l\u2019automne. Peux-tu nous indiquer si, dans le cadre de ce partenariat, des formations seront pr\u00e9vues pour expliquer le fonctionnement, m\u00eame s\u2019il semble simple, de l\u2019application&nbsp;? Je crois savoir qu\u2019un club de Football Entreprise girondin pourrait contribuer lors de ces formations.<\/strong><\/p>\n\n\n\n<p>L\u2019un des bons c\u00f4t\u00e9s de cette crise sanitaire (oui il faut bien voir du positif l\u00e0-dedans!) c\u2019est que nous pouvons facilement communiquer avec les clubs gr\u00e2ce aux fameuses \u00ab&nbsp;visios&nbsp;\u00bb. En cliquant sur un lien, il est possible d\u2019\u00e9changer avec 10\/50\/100 clubs en m\u00eame temps&nbsp;!<br>Nous avons donc pr\u00e9vu des ateliers en visio avec les clubs pour les former \u00e0 la captation Rematch pour qu\u2019ils deviennent de parfaits <em>Rematcheurs. <\/em>Et qui de mieux plac\u00e9 que nos amis de l\u2019Institut Bergoni\u00e9 pour venir t\u00e9moigner de la simplicit\u00e9 d\u2019utilisation de la solution&nbsp;?&nbsp;\ud83d\ude09 RV en Septembre.<\/p>\n\n\n\n<p style=\"color:#0071a1\" class=\"has-text-color\"><strong>En conclusion, tout le monde l\u2019a d\u00e9sormais bien compris&nbsp;: la vid\u00e9o et les prises de vue sont au c\u0153ur de ton terrain d\u2019action.<br>Mais au fait, quel est ton film pr\u00e9f\u00e9r\u00e9 au cin\u00e9ma&nbsp;?<\/strong><\/p>\n\n\n\n<p>En grand fan de Tarantino, je dirais Pulp Fiction&nbsp;!<\/p>\n\n\n\n<p><\/p>\n\n\n\n<p><strong><span style=\"text-decoration: underline;\">PHOTOS&nbsp;:<\/span><\/strong> https:\/\/www.kedgebs-alumni.com\/fr\/diplome\/news\/la-passe-video-une-app-pour-le-sport-amateur-creee-par-2-kedgers-577\/<\/p>\n","protected":false},"excerpt":{"rendered":"<p>Rematch et l\u2019UNFE&nbsp;: un fondu encha\u00een\u00e9 r\u00e9ussi JPP comme \u2018\u2019\u2019Je Participe au Projet\u2019\u2019&nbsp;: c\u2019est sans doute ce que Jean-Pierre PAPIN a exprim\u00e9 \u00e0 Pierre HUSSON, Fran\u00e7ois&nbsp;ALARY&nbsp;et Franck SI-HASSEN en 2018 quand il a d\u00e9couvert le projet des 3 co-fondateurs de Rematch. Un ex-joueur professionnel, Ballon d\u2019OR en 1991 avec le Bayern de Munich, qui adh\u00e8re [&hellip;]<\/p>\n","protected":false},"author":3,"featured_media":6858,"comment_status":"open","ping_status":"closed","sticky":false,"template":"","format":"standard","meta":{"_monsterinsights_skip_tracking":false,"_monsterinsights_sitenote_active":false,"_monsterinsights_sitenote_note":"","_monsterinsights_sitenote_category":0,"footnotes":""},"categories":[12,21,11],"tags":[],"jetpack_sharing_enabled":true,"jetpack_featured_media_url":"https:\/\/i0.wp.com\/unfe.fr\/wp-content\/uploads\/2021\/05\/EQUIPE.jpg?fit=635%2C354&ssl=1","_links":{"self":[{"href":"https:\/\/unfe.fr\/index.php?rest_route=\/wp\/v2\/posts\/6846"}],"collection":[{"href":"https:\/\/unfe.fr\/index.php?rest_route=\/wp\/v2\/posts"}],"about":[{"href":"https:\/\/unfe.fr\/index.php?rest_route=\/wp\/v2\/types\/post"}],"author":[{"embeddable":true,"href":"https:\/\/unfe.fr\/index.php?rest_route=\/wp\/v2\/users\/3"}],"replies":[{"embeddable":true,"href":"https:\/\/unfe.fr\/index.php?rest_route=%2Fwp%2Fv2%2Fcomments&post=6846"}],"version-history":[{"count":26,"href":"https:\/\/unfe.fr\/index.php?rest_route=\/wp\/v2\/posts\/6846\/revisions"}],"predecessor-version":[{"id":7520,"href":"https:\/\/unfe.fr\/index.php?rest_route=\/wp\/v2\/posts\/6846\/revisions\/7520"}],"wp:featuredmedia":[{"embeddable":true,"href":"https:\/\/unfe.fr\/index.php?rest_route=\/wp\/v2\/media\/6858"}],"wp:attachment":[{"href":"https:\/\/unfe.fr\/index.php?rest_route=%2Fwp%2Fv2%2Fmedia&parent=6846"}],"wp:term":[{"taxonomy":"category","embeddable":true,"href":"https:\/\/unfe.fr\/index.php?rest_route=%2Fwp%2Fv2%2Fcategories&post=6846"},{"taxonomy":"post_tag","embeddable":true,"href":"https:\/\/unfe.fr\/index.php?rest_route=%2Fwp%2Fv2%2Ftags&post=6846"}],"curies":[{"name":"wp","href":"https:\/\/api.w.org\/{rel}","templated":true}]}}