{"id":7835,"date":"2022-01-24T10:18:14","date_gmt":"2022-01-24T09:18:14","guid":{"rendered":"http:\/\/unfe.fr\/?p=7835"},"modified":"2022-01-24T10:18:15","modified_gmt":"2022-01-24T09:18:15","slug":"focus-sur-un-club-les-municipaux-nantes","status":"publish","type":"post","link":"https:\/\/unfe.fr\/?p=7835","title":{"rendered":"Focus sur un club : les Municipaux Nantes"},"content":{"rendered":"\n<p><\/p>\n\n\n\n<h2 class=\"wp-block-heading\">Leur credo&nbsp;: c<strong>omp\u00e9tition, bonne humeur et plaisir<\/strong><\/h2>\n\n\n\n<p><span class=\"has-inline-color has-vivid-cyan-blue-color\"><strong>Pour ce club de la Ligue des Pays de la Loire, le 29 Janvier sera assur\u00e9ment une date historique. La Coupe nationale FE donnera en effet ce jour-l\u00e0, l\u2019occasion aux joueurs du Pr\u00e9sident Yves GONZALEZ d\u2019\u00eatre sur le devant de la sc\u00e8ne au niveau national. Sur leur stade NO\u00cb LAMBERT, au nord de Nantes, ils recevront, pour le compte des 16\u00e8mes de finale de la Coupe Nationale, l\u2019\u00e9quipe normande de COCER PETIT COURONNE qui reste sur un bon match, malgr\u00e9 sa d\u00e9faite, chez UST CAR Rouen (2-3). Yves CALVI, Pr\u00e9sident normand, comptera, c\u2019est dans l\u2019air, sur son attaquant Kevin GOUGET pour marquer face \u00e0 une \u00e9quipe nantaise qui encaisse pas mal de buts\u2026.mais qui en marque beaucoup. Sachant que les nantais \u2018\u2019d\u00e9daignent\u2019\u2019 les matchs nuls (leur bilan comptable en championnat montre autant de victoires que de d\u00e9faites mais pas de nuls), la s\u00e9ance de tirs au but ne devrait pas \u00eatre n\u00e9cessaire. Le pronostic est compliqu\u00e9&nbsp;!<\/strong><\/span><\/p>\n\n\n\n<p><span class=\"has-inline-color has-vivid-cyan-blue-color\"><strong>Les Nantais ne seront pas les seuls municipaux de ce tour car ceux de Bordeaux et de Toulouse seront aussi en lice. Cr\u00e9er des clubs de municipaux est une id\u00e9e que l\u2019UNFE porte d\u2019ailleurs au niveau de la LFA sur la simple constatation des effectifs d\u2019un grand nombre d\u2019agglom\u00e9rations moyennes ou importantes.<br>En plus du jeu \u00e0 la Nantaise que pr\u00f4nait l\u2019embl\u00e9matique coach du FC Nantes, Jos\u00e9 ARRIBAS, le club joue la carte de la convivialit\u00e9. Son originalit\u00e9 vient du fait que, chez les Municipaux nantais, les matchs ne durent pas deux mais trois mi-temps, la 3<sup>\u00e8me<\/sup> n\u2019\u00e9tant pas la moins flamboyante.<\/strong><\/span><\/p>\n\n\n\n<div class=\"wp-block-media-text alignwide is-stacked-on-mobile\" style=\"grid-template-columns:22% auto\"><figure class=\"wp-block-media-text__media\"><img decoding=\"async\" loading=\"lazy\" width=\"176\" height=\"247\" src=\"https:\/\/i0.wp.com\/unfe.frwp-content\/uploads\/2022\/01\/ludovic-richard.jpg?resize=176%2C247&#038;ssl=1\" alt=\"\" class=\"wp-image-7845 size-full\" data-recalc-dims=\"1\"\/><\/figure><div class=\"wp-block-media-text__content\">\n<p><span class=\"has-inline-color has-vivid-cyan-blue-color\"><strong>Nous vous pr\u00e9sentons aujourd\u2019hui ce club, peut-\u00eatre (encore) trop&nbsp;m\u00e9connu, mais qui porte des valeurs qui m\u00e9ritent d&#8217;\u00eatre mises en visibilit\u00e9. <\/strong><\/span><\/p>\n\n\n\n<p><span class=\"has-inline-color has-vivid-cyan-blue-color\"><strong>Merci \u00e0 Ludovic RICHARD, joueur et buteur du club, qui a amicalement r\u00e9pondu \u00e0 nos questions<\/strong><\/span>.<\/p>\n<\/div><\/div>\n\n\n\n<hr class=\"wp-block-separator\"\/>\n\n\n\n<h3 class=\"wp-block-heading\"><strong>En quelle ann\u00e9e a \u00e9t\u00e9 cr\u00e9\u00e9&nbsp;votre club ?<\/strong><\/h3>\n\n\n\n<p>Question qui pourrait \u00eatre simple et finalement qui est assez \u00e9pineuse. On a une date d\u2019affiliation en 1995 mais nous ne sommes pas \u00e0 l\u2019abri que le club soit plus dans sa trentaine.<\/p>\n\n\n\n<h3 class=\"wp-block-heading\">Comment votre club s\u2019est-il organis\u00e9 par rapport \u00e0 la pand\u00e9mie actuelle&nbsp;?<\/h3>\n\n\n\n<p>Nous avons fait du mieux que nous pouvons en respectant le couvre feu, interdictions de se r\u00e9unir. Mais d\u00e8s que la possibilit\u00e9 de jouer s\u2019est pr\u00e9sent\u00e9e, nous avons saut\u00e9 sur l\u2019occasion pour nous r\u00e9unir et pr\u00e9parer cette nouvelle saison qui, on l&#8217;esp\u00e8re, ira jusqu\u2019\u00e0 son terme.<\/p>\n\n\n\n<h3 class=\"wp-block-heading\"><strong>Combien comptez-vous d\u2019\u00e9quipes et de licenci\u00e9s&nbsp;?<\/strong><\/h3>\n\n\n\n<p>Notre club compte 2 \u00e9quipes&nbsp;: une en D1 et l\u2019autre en D3 apr\u00e8s la premi\u00e8re phase.<\/p>\n\n\n\n<p><strong>Il<\/strong> y a 42 licenci\u00e9s joueurs plus 3 dirigeants&nbsp;: un coach par \u00e9quipe Gilles Gallot pour la D1 et Jos\u00e9 Arribas pour la D3 et Monsieur le Pr\u00e9sident, Yves Gonzalez.<\/p>\n\n\n\n<div class=\"wp-block-media-text alignwide is-stacked-on-mobile\" style=\"grid-template-columns:33% auto\"><figure class=\"wp-block-media-text__media\"><img decoding=\"async\" loading=\"lazy\" width=\"896\" height=\"672\" src=\"https:\/\/i0.wp.com\/unfe.frwp-content\/uploads\/2022\/01\/271697525_2592536600891346_266558399626172531_n.jpg?resize=896%2C672&#038;ssl=1\" alt=\"\" class=\"wp-image-7838 size-full\" srcset=\"https:\/\/i0.wp.com\/unfe.fr\/wp-content\/uploads\/2022\/01\/271697525_2592536600891346_266558399626172531_n.jpg?w=896&amp;ssl=1 896w, https:\/\/i0.wp.com\/unfe.fr\/wp-content\/uploads\/2022\/01\/271697525_2592536600891346_266558399626172531_n.jpg?resize=300%2C225&amp;ssl=1 300w, https:\/\/i0.wp.com\/unfe.fr\/wp-content\/uploads\/2022\/01\/271697525_2592536600891346_266558399626172531_n.jpg?resize=768%2C576&amp;ssl=1 768w\" sizes=\"(max-width: 896px) 100vw, 896px\" data-recalc-dims=\"1\" \/><\/figure><div class=\"wp-block-media-text__content\">\n<h3 class=\"wp-block-heading\"><strong>Pouvez-vous nous pr\u00e9senter vos dirigeants et votre coach ?<\/strong><\/h3>\n\n\n\n<p><strong>Yves Gonzalez<\/strong> et <strong>Gilles Gallot <\/strong>ont connu la formation du FC Nantes et ont \u00e9t\u00e9 de bons footballeurs il y a quelques ann\u00e9es. Tout comme <strong>Jos\u00e9 Arribas<\/strong>, fils de Jos\u00e9 Arribas, l\u2019ancien coach du FC Nantes entre autres.<br>Tout ceci donne une ADN du jeu \u00e0 la Nantaise \u00e0 notre club\u2026 enfin, avec les moyens du bord et surtout une grosse colonie bretonne et rennaise \u00e0 qui les principes du jeu \u00e0 la nantaise sont un peu difficiles \u00e0 faire int\u00e9grer:)<\/p>\n\n\n\n<p><strong><span style=\"text-decoration: underline;\">Photo : <\/span><\/strong>Jose Arribas, Nicolas Tartoue, Patrice Bretel et Yves Gonzalez le Pr\u00e9sident.<\/p>\n<\/div><\/div>\n\n\n\n<p>On peut ajouter \u00e0 ces b\u00e9n\u00e9voles de terrain, tous ceux qui permettent \u00e0 ce club de vivre et de conserver nos principes et notre identit\u00e9. Il y a bien \u00e9videmment <strong>Nicolas Tartoue<\/strong> qui g\u00e8re le quotidien du club et sans qui il serait des fois bien difficile d\u2019avancer. Il contacte les \u00e9quipes adverses pour les matchs de pr\u00e9paration, g\u00e8re l\u2019application Sport Easy, se rend toujours disponible. Les anciens qui sont les garants de l\u2019\u00e9tat d\u2019esprit du club&nbsp;: Jean Louis Delcambre toujours pr\u00eat \u00e0 croquer un mollet adverse. <strong>Richard Mouillet<\/strong> dit \u00ab&nbsp;The King of Plancha&nbsp;\u00bb et partisan inconditionnel du jeu \u00e0 la nantaise. <strong>Laurent Stephan<\/strong> toujours aussi infatigable et qui sait se signaler \u00e0 son adversaire direct. <strong>Patrice Bretel<\/strong> qui ne peut malheureusement plus jouer, mais est toujours pr\u00e9sent pour animer la 3\u00e8me mi-temps. Une petite pens\u00e9e \u00e0 notre <strong>Sami Oudin<\/strong>, le dernier supporter Troyen sur terre et grand Duc de la raclette qui nous a bien manqu\u00e9 cette ann\u00e9e.<\/p>\n\n\n\n<h3 class=\"wp-block-heading\">Quelle est ou quelle pourrait \u00eatre la devise de votre club ? Et quelles en sont les valeurs ?<\/h3>\n\n\n\n<p>Les valeurs de notre club sont de jouer la comp\u00e9tition \u00e0 fond en fonction de nos moyens et de passer de bons moments d\u00e8s que cela est possible. La 3\u00e8me mi-temps du lundi soir est un moment privil\u00e9gi\u00e9 qui a autant d\u2019importance que le match qu\u2019on a pu jouer avant. C\u2019est peut-\u00eatre \u00e0 ce moment l\u00e0 que le jeu \u00e0 la Nantaise s\u2019exprime le mieux chez nos bretons.<\/p>\n\n\n\n<h3 class=\"wp-block-heading\">Quel est le plus&nbsp; jeune joueur de votre \u00e9quipe premi\u00e8re et quel a \u00e9t\u00e9 son parcours footballistique ?<\/h3>\n\n\n\n<p>Le plus jeune joueur de notre \u00e9quipe premi\u00e8re est Florian Normand qui va avoir 30 ans. (Oui on a une \u00e9quipe plut\u00f4t \u00e2g\u00e9e!). Il a jou\u00e9 en DH au FC Rez\u00e9 avant de nous rejoindre pour la saison 2020\/2021 o\u00f9 il a eu peu le temps de s\u2019exprimer.<br>Cette ann\u00e9e il nous aura permis de passer le 32\u00e8me de finale en marquant en toute fin de match. Le goleador de la seconde partie de la saison peut \u00eatre.<\/p>\n\n\n\n<h3 class=\"wp-block-heading\">Quel est le joueur du club le plus souvent en retard&nbsp;?<\/h3>\n\n\n\n<p>Le joueur le plus en retard est Simon pour l\u2019\u00e9quipe premi\u00e8re. On ne compte pas sur lui plus de 15 minutes avant le d\u00e9but du match. Il doit y avoir un d\u00e9calage horaire qu\u2019on n\u2019arrive pas \u00e0 saisir entre chez lui et n\u2019importe quel terrain du d\u00e9partement.<\/p>\n\n\n\n<h3 class=\"wp-block-heading\">Quel est le joueur du club le plus agr\u00e9able \u00e0 g\u00e9rer&nbsp;?<\/h3>\n\n\n\n<p>Pour la blague, je dirai que les plus simples \u00e0 g\u00e9rer sont Fred et Adrien et surtout quand ils sont tous les deux ensemble sur le terrain.<br>Sinon, nous sommes une \u00e9quipe relativement simple \u00e0 g\u00e9rer avec des joueurs d\u2019exp\u00e9rience et donc aussi de caract\u00e8re qui savent ou pensent savoir selon les moments. Coach Gilles \u00e9tant plut\u00f4t calme et placide, il semble bien le vivre.<\/p>\n\n\n\n<h3 class=\"wp-block-heading\"><strong>Quel est le mot que vous pr\u00e9f\u00e9rez entendre au bord du terrain&nbsp;?<\/strong><\/h3>\n\n\n\n<p>\u00ab&nbsp;<strong><em>Si vous marquez, c\u2019est ma tourn\u00e9e&nbsp;\u00bb<\/em><\/strong>. On manque malheureusement un peu de spectateurs mais si vous passez, n\u2019h\u00e9sitez pas, ca nous fera plaisir.<\/p>\n\n\n\n<div class=\"wp-block-media-text alignwide has-media-on-the-right is-stacked-on-mobile\" style=\"grid-template-columns:auto 36%\"><figure class=\"wp-block-media-text__media\"><img decoding=\"async\" loading=\"lazy\" width=\"896\" height=\"672\" src=\"https:\/\/i0.wp.com\/unfe.frwp-content\/uploads\/2022\/01\/270867252_672952490730431_4825641133722253661_n.jpg?resize=896%2C672&#038;ssl=1\" alt=\"\" class=\"wp-image-7837 size-full\" srcset=\"https:\/\/i0.wp.com\/unfe.fr\/wp-content\/uploads\/2022\/01\/270867252_672952490730431_4825641133722253661_n.jpg?w=896&amp;ssl=1 896w, https:\/\/i0.wp.com\/unfe.fr\/wp-content\/uploads\/2022\/01\/270867252_672952490730431_4825641133722253661_n.jpg?resize=300%2C225&amp;ssl=1 300w, https:\/\/i0.wp.com\/unfe.fr\/wp-content\/uploads\/2022\/01\/270867252_672952490730431_4825641133722253661_n.jpg?resize=768%2C576&amp;ssl=1 768w\" sizes=\"(max-width: 896px) 100vw, 896px\" data-recalc-dims=\"1\" \/><\/figure><div class=\"wp-block-media-text__content\">\n<h3 class=\"wp-block-heading\"><strong>QUELLE EST LA PRINCIPALE QUALIT\u00c9 DE VOTRE COACH&nbsp;?<\/strong><\/h3>\n\n\n\n<p>Son calme est sans doute une qualit\u00e9 qui nous correspond, elle nous temp\u00e8re. Il a son id\u00e9e de la mani\u00e8re de jouer, n\u2019en d\u00e9rive que rarement ce qui \u00e9vite des exp\u00e9riences qui peuvent des fois \u00eatre malheureuses et nous donne certains rep\u00e8res.<\/p>\n\n\n\n<p class=\"has-text-align-left\"><span class=\"has-inline-color has-luminous-vivid-orange-color\"><span style=\"text-decoration: underline;\">Photo <\/span>: <\/span>Gilles GALLOT, le coach (\u00e0 droite), et Nicolas TARTOUE<\/p>\n<\/div><\/div>\n\n\n\n<h3 class=\"wp-block-heading\"><\/h3>\n\n\n\n<div class=\"wp-block-media-text alignwide is-stacked-on-mobile\" style=\"grid-template-columns:24% auto\"><figure class=\"wp-block-media-text__media\"><img decoding=\"async\" loading=\"lazy\" width=\"337\" height=\"490\" src=\"https:\/\/i0.wp.com\/unfe.frwp-content\/uploads\/2022\/01\/jose-arribas.jpg?resize=337%2C490&#038;ssl=1\" alt=\"\" class=\"wp-image-7846 size-full\" srcset=\"https:\/\/i0.wp.com\/unfe.fr\/wp-content\/uploads\/2022\/01\/jose-arribas.jpg?w=337&amp;ssl=1 337w, https:\/\/i0.wp.com\/unfe.fr\/wp-content\/uploads\/2022\/01\/jose-arribas.jpg?resize=206%2C300&amp;ssl=1 206w\" sizes=\"(max-width: 337px) 100vw, 337px\" data-recalc-dims=\"1\" \/><\/figure><div class=\"wp-block-media-text__content\">\n<h3 class=\"wp-block-heading\"><strong>Existe t- il un lien de parent\u00e9 entre votre dirigeant Mr ARRIBAS et Jos\u00e9 ARRIBAS, ancien entra\u00eeneur historique du FC Nantes et de l\u2019OM ?<\/strong><\/h3>\n\n\n\n<p>Oui c\u2019est son fils. Il en a gard\u00e9 des concepts footballistiques et une mani\u00e8re d\u2019aborder les matchs de notre \u00e9quipe 2 avec des sch\u00e9mas technicotactiques pour lesquels, il faut des fois un dipl\u00f4me d\u2019ing\u00e9nieur en circulation des fluides.<br>Plus s\u00e9rieusement, Jos\u00e9 a une analyse plut\u00f4t fine des situations et des joueurs qu\u2019il a \u00e0 disposition et sait en tirer le meilleur.<\/p>\n<\/div><\/div>\n\n\n\n<h3 class=\"wp-block-heading\"><strong>Quels arguments donneriez-vous \u00e0 un joueur pour qu\u2019il rejoigne votre club&nbsp;?<\/strong><\/h3>\n\n\n\n<p>Si vous aimez la comp\u00e9tition et la 3\u00e8me mi-temps du lundi soir (pas trop tard non plus), vous trouverez votre bonheur chez nous.<\/p>\n\n\n\n<h3 class=\"wp-block-heading\"><strong>Est-ce que votre club a des relations privil\u00e9gi\u00e9es ou des contacts r\u00e9guliers avec le FC Nantes&nbsp;?<\/strong><\/h3>\n\n\n\n<p>Non aucun contact particulier avec le FC Nantes.<br>Dans le pass\u00e9, le coach des Municipaux fut Gilles Rampillon et de nombreux joueurs sont pass\u00e9s par le FC Nantes en \u00e9tant jeunes.<\/p>\n\n\n\n<h3 class=\"wp-block-heading\"><strong>Vous vous \u00eates qualifi\u00e9s pour les 32\u00e8mes de finale de la Coupe nationale face au FC Saint S\u00e9bastien.<\/strong><br><strong>Comment s\u2019est d\u00e9roul\u00e9 ce match&nbsp;?<\/strong><\/h3>\n\n\n\n<h3 class=\"wp-block-heading\"><strong>Un d\u00e9placement, hors de vos bases habituelles, ne serait-il pas un moyen de conforter les liens entre les joueurs&nbsp;et de d\u00e9couvrir de nouvelles \u00e9quipes en France?<\/strong><\/h3>\n\n\n\n<p>Depuis, nous nous sommes qualifi\u00e9s pour les 16\u00e8me de finale en \u00e9liminant les gaziers de Paris \u00e0 domicile, 1-0 \u00e0 la 90\u00e8me minute.<br>Ce match a \u00e9t\u00e9 assez \u00e9quilibr\u00e9 contre une \u00e9quipe qui \u00e9tait premi\u00e8re de R2 en r\u00e9gion parisienne. Nous avons plut\u00f4t eu la ma\u00eetrise et les meilleures situations, mais il nous a fallu \u00eatre patient. C\u2019\u00e9tait une \u00e9quipe solide d\u00e9fensivement.<br>Pour les 16\u00e8me de finale, nous allons \u00e0 nouveau recevoir&nbsp;: COCER Petit Couronne, une \u00e9quipe de R\u00e9gionale 1 de Normandie le 29 janvier en croisant les doigts que nous puissions jouer et aussi se pr\u00e9parer en amont.<\/p>\n\n\n\n<h3 class=\"wp-block-heading\"><strong>Plus globalement, quels sont vos objectifs sportifs ou qualitatifs pour cette saison et les suivantes&nbsp;?<\/strong><\/h3>\n\n\n\n<p>Notre objectif est de jouer le haut de tableau de la D1. Derri\u00e8re le CTE ORVAULT qui est toujours un cran au-dessus, nous sommes 3 \u00e9quipes d\u2019un niveau assez proche.<br>Et puis continuer de vivre de bons moments humains.<\/p>\n\n\n\n<hr class=\"wp-block-separator\"\/>\n\n\n\n<h3 class=\"wp-block-heading\"><strong><span class=\"has-inline-color has-luminous-vivid-orange-color\"><span style=\"text-decoration: underline;\">Le Football Entreprise&nbsp;:<\/span><\/span><\/strong><\/h3>\n\n\n\n<h3 class=\"wp-block-heading\"><strong>Comment pourriez-vous d\u00e9finir, en 3 mots, le Football Entreprise&nbsp;en g\u00e9n\u00e9ral?<\/strong><\/h3>\n\n\n\n<p>Comp\u00e9tition, bonne humeur et plaisir<\/p>\n\n\n\n<h3 class=\"wp-block-heading\"><strong>Pensez-vous que le fait de disputer des matchs en semaine est un bon argument pour attirer des joueurs en foot entreprise&nbsp;?<\/strong><\/h3>\n\n\n\n<p>C\u2019est un excellent argument en effet pour les joueurs amen\u00e9s \u00e0 devoir arr\u00eater la comp\u00e9tition le dimanche pour de nombreuses raisons (vie de famille, travail, lassitude des d\u00e9placements\u2026). Jouer le lundi soir est vraiment une bonne alternative.<br>Mais ce n\u2019est pas le seul, la comp\u00e9tition et le fait d\u2019avoir des arbitres officiels en sont d\u2019autres.<\/p>\n\n\n\n<div class=\"wp-block-media-text alignwide is-stacked-on-mobile\" style=\"grid-template-columns:17% auto\"><figure class=\"wp-block-media-text__media\"><img decoding=\"async\" loading=\"lazy\" width=\"117\" height=\"241\" src=\"https:\/\/i0.wp.com\/unfe.frwp-content\/uploads\/2022\/01\/cap.jpg?resize=117%2C241&#038;ssl=1\" alt=\"\" class=\"wp-image-7839 size-full\" data-recalc-dims=\"1\"\/><\/figure><div class=\"wp-block-media-text__content\">\n<h3 class=\"wp-block-heading\"><strong>Il y a, en France, pr\u00e8s de 35&nbsp;000 communes. Les clubs des Municipaux, comme le v\u00f4tre, \u00e9voluent en Football Entreprise mais il en existait beaucoup plus il y a quelques ann\u00e9es.<\/strong><br><strong>Ne pensez-vous pas que la cr\u00e9ation de sections municipale Football Entreprise dans les nombreuses communes qui poss\u00e8dent un effectif suffisant, serait une piste \u00e0 creuser&nbsp;? A titre d\u2019information, pr\u00e8s de 100 communes poss\u00e8dent entre 50&nbsp;000 et 100&nbsp;000 habitants et donc un effectif d\u2019agents int\u00e9ressant.<\/strong><\/h3>\n\n\n\n<p>En effet, ce serait une bonne id\u00e9e qui permettrait de d\u00e9velopper le nombre d\u2019\u00e9quipes de foot entreprise. Cela n\u00e9cessite de trouver des \u00e9l\u00e9ments moteurs dans ces municipalit\u00e9s pour lancer le projet.<\/p>\n\n\n\n<p><span style=\"text-decoration: underline;\"><span class=\"has-inline-color has-luminous-vivid-orange-color\">Photo :<\/span><\/span> le capitaine <\/p>\n<\/div><\/div>\n\n\n\n<h3 class=\"wp-block-heading\"><strong>Pensez-vous que le Football Entreprise au f\u00e9minin, \u00e9ventuellement sous forme \u00e9v\u00e9nementielle et \u00e0 effectif r\u00e9duit pour commencer, serait envisageable, par exemple entre les entreprises nantaises et proches&nbsp;?&nbsp;<\/strong><\/h3>\n\n\n\n<p>Ce<strong> <\/strong>serait en effet une bonne id\u00e9e \u00e0 d\u00e9velopper en lien avec les \u00e9quipes f\u00e9minines du district.<\/p>\n\n\n\n<h3 class=\"wp-block-heading\"><strong>Un message \u00e0 faire passer&nbsp;?<\/strong><\/h3>\n\n\n\n<p>Si vous aimez le foot, la plancha, la bi\u00e8re, le vin rouge et les cornichons aigres doux (c\u2019est facultatif mais Jos\u00e9 insiste pour que ce soit un crit\u00e8re de recrutement), vous trouverez votre bonheur en nous rejoignant&nbsp;!<\/p>\n\n\n\n<p>MERCI<\/p>\n","protected":false},"excerpt":{"rendered":"<p>Leur credo&nbsp;: comp\u00e9tition, bonne humeur et plaisir Pour ce club de la Ligue des Pays de la Loire, le 29 Janvier sera assur\u00e9ment une date historique. La Coupe nationale FE donnera en effet ce jour-l\u00e0, l\u2019occasion aux joueurs du Pr\u00e9sident Yves GONZALEZ d\u2019\u00eatre sur le devant de la sc\u00e8ne au niveau national. Sur leur stade [&hellip;]<\/p>\n","protected":false},"author":3,"featured_media":7836,"comment_status":"open","ping_status":"closed","sticky":false,"template":"","format":"standard","meta":{"_monsterinsights_skip_tracking":false,"_monsterinsights_sitenote_active":false,"_monsterinsights_sitenote_note":"","_monsterinsights_sitenote_category":0,"footnotes":""},"categories":[12,11,13],"tags":[],"jetpack_sharing_enabled":true,"jetpack_featured_media_url":"https:\/\/i0.wp.com\/unfe.fr\/wp-content\/uploads\/2022\/01\/264012737_603467527426112_3643452313401805328_n.jpg?fit=896%2C672&ssl=1","_links":{"self":[{"href":"https:\/\/unfe.fr\/index.php?rest_route=\/wp\/v2\/posts\/7835"}],"collection":[{"href":"https:\/\/unfe.fr\/index.php?rest_route=\/wp\/v2\/posts"}],"about":[{"href":"https:\/\/unfe.fr\/index.php?rest_route=\/wp\/v2\/types\/post"}],"author":[{"embeddable":true,"href":"https:\/\/unfe.fr\/index.php?rest_route=\/wp\/v2\/users\/3"}],"replies":[{"embeddable":true,"href":"https:\/\/unfe.fr\/index.php?rest_route=%2Fwp%2Fv2%2Fcomments&post=7835"}],"version-history":[{"count":10,"href":"https:\/\/unfe.fr\/index.php?rest_route=\/wp\/v2\/posts\/7835\/revisions"}],"predecessor-version":[{"id":7862,"href":"https:\/\/unfe.fr\/index.php?rest_route=\/wp\/v2\/posts\/7835\/revisions\/7862"}],"wp:featuredmedia":[{"embeddable":true,"href":"https:\/\/unfe.fr\/index.php?rest_route=\/wp\/v2\/media\/7836"}],"wp:attachment":[{"href":"https:\/\/unfe.fr\/index.php?rest_route=%2Fwp%2Fv2%2Fmedia&parent=7835"}],"wp:term":[{"taxonomy":"category","embeddable":true,"href":"https:\/\/unfe.fr\/index.php?rest_route=%2Fwp%2Fv2%2Fcategories&post=7835"},{"taxonomy":"post_tag","embeddable":true,"href":"https:\/\/unfe.fr\/index.php?rest_route=%2Fwp%2Fv2%2Ftags&post=7835"}],"curies":[{"name":"wp","href":"https:\/\/api.w.org\/{rel}","templated":true}]}}