{"id":9162,"date":"2023-01-02T11:06:01","date_gmt":"2023-01-02T10:06:01","guid":{"rendered":"http:\/\/unfe.fr\/?p=9162"},"modified":"2023-01-15T08:49:28","modified_gmt":"2023-01-15T07:49:28","slug":"demarrez-2023-par-le-vrai-foot-day","status":"publish","type":"post","link":"https:\/\/unfe.fr\/?p=9162","title":{"rendered":"DEMARREZ 2023 par le VRAI FOOT DAY !"},"content":{"rendered":"\n<h2 class=\"wp-block-heading\"><strong><em>\u2018Foncez, le seul regret que vous pouvez avoir, c\u2019est de ne pas essayer&nbsp;!<\/em><\/strong>\u2019\u2019<\/h2>\n\n\n\n<p><strong>La 4<sup>\u00e8me<\/sup>&nbsp;\u00e9dition du VRAI FOOT DAY, soit la f\u00eate du foot amateur, aura lieu les 25 et 26 mars prochains.&nbsp;<br><\/strong>Soyez au rendez-vous pour faire franchir \u00e0 cet \u00e9v\u00e8nement<strong> la barre symbolique des 100 clubs participants. <\/strong><strong><s><\/s><\/strong><\/p>\n\n\n\n<h5 class=\"wp-block-heading\"><strong><u>Mais au fait, LE VRAI FOOT DAY&nbsp;: qu\u2019est-ce que c\u2019est&nbsp;?<\/u><\/strong><\/h5>\n\n\n\n<p>Le magazine SO FOOT a lanc\u00e9 ce concept il y a quelques ann\u00e9es pour donner au football amateur toute la place qu\u2019il m\u00e9rite.<br>Apr\u00e8s Benjamin NIVET et Pierre LEES-MELOU en 2021, c\u2019est au tour de Yannick CAHUZAC d\u2019\u00eatre le parrain de l\u2019\u00e9dition 2023. Le d\u00e9but des inscriptions est lanc\u00e9 depuis le 18 D\u00e9cembre \u00e0 cet \u00e9v\u00e8nement majeur et festif qui est destin\u00e9 \u00e0 vous faire conna\u00eetre dans toute la France. Embarquer dans cette aventure, c\u2019est l\u2019assurance pour les clubs amateurs, leurs dirigeants b\u00e9n\u00e9voles, leurs joueurs qui font vivre le football :<\/p>\n\n\n\n<ul><li><strong>de se faire conna\u00eetre<\/strong><\/li><li><strong>de m\u00e9diatiser leurs actions de fa\u00e7on originale.<\/strong><\/li><li><strong>d&#8217;\u00eatre peut \u00eatre r\u00e9compens\u00e9s<\/strong><\/li><li><strong>de prendre plaisir \u00e0 faire une grande f\u00eate<\/strong><\/li><\/ul>\n\n\n\n<p>Tous les clubs amateurs dont ceux, bien s\u00fbr, du Football Entreprise sont invit\u00e9s \u00e0 s\u2019inscrire au Vrai Foot Day, comme leurs homologues allemands et anglais qui auront la m\u00eame opportunit\u00e9 dans leurs pays respectifs. &nbsp;Une id\u00e9e qui monte en puissance&nbsp;!<br>Nous invitons&nbsp;donc tous les clubs de Football Entreprise et tous les autres \u00e0 montrer leur dynamisme, leur cr\u00e9ativit\u00e9 et leurs valeurs en s\u2019inscrivant et participant \u00e0 ce Vrai Foot Day.<\/p>\n\n\n\n<h5 class=\"wp-block-heading\"><strong><u>A VOS AGENDAS \u2013 LES PROCHAINES ETAPES<\/u><\/strong><\/h5>\n\n\n\n<ul><li><strong>Janvier :&nbsp;annonce des diff\u00e9rents Appels \u00e0 projets, prix et cadeaux associ\u00e9s<\/strong><\/li><\/ul>\n\n\n\n<ul><li><strong>18 f\u00e9vrier :&nbsp;date de limite d&#8217;envoi des projets sur <a href=\"mailto:amateurs@sofoot.com\">amateurs@sofoot.com<\/a><\/strong><\/li><\/ul>\n\n\n\n<p><strong>D\u00e9signez 3-4 membres de votre club pour former une petite cellule de r\u00e9flexion&nbsp;et d&#8217;animation du projet pour le Vrai Foot Day.&nbsp;Vous avez pr\u00e8s de 2 mois pour l&#8217;imaginer et le pr\u00e9senter sous la forme d\u2019une courte vid\u00e9o d\u2019une minute environ.<\/strong><br><strong><a href=\"https:\/\/vraifootday.sofoot.com\/?incription\">Inscrivez votre club<\/a><\/strong><\/p>\n\n\n\n<p>Nous vous invitons \u00e0 consulter le dossier dans lequel vous pourrez trouver quelques initiatives de 2021, l\u2019historique et toutes les informations.<br><strong><a href=\"https:\/\/www.sofoot.com\/vrai-foot-day-2021-demandez-le-programme-504901.html#S%C3%A9lectionn%C3%A9-union-joyeux-pleins\">Plus d&#8217;infos<\/a><\/strong><\/p>\n\n\n\n<p><strong>25&nbsp;&amp; 26&nbsp;mars :&nbsp;Vrai Foot Day, la f\u00eate du football amateur avec le parrain Yannick Cahuzac<\/strong><\/p>\n\n\n\n<h5 class=\"wp-block-heading\"><strong><u>L\u2019UNFE, PARTENAIRE OFFICIEL&nbsp;&#8211; POURQUOI&nbsp;?<\/u><\/strong><\/h5>\n\n\n\n<ul><li>Offrir une plus grande visibilit\u00e9 \u00e0 la famille du Foot Entreprise et les clubs participants via un m\u00e9dia sportif majeur.<\/li><li>Une occasion de montrer que le football, ce n\u2019est pas que pour les pros&nbsp;!<\/li><li>Associer le Foot Entreprise \u00e0 des partenaires et ainsi renforcer notre r\u00e9seau et champ d\u2019action.<\/li><li>Un vrai partage de nos valeurs&nbsp;: convivialit\u00e9, comp\u00e9tition, partage, lien social, initiative originale et cr\u00e9ative.<\/li><li>L\u2019occasion de souffler ensemble les 100 bougies du Foot Entreprise en 2023.<\/li><\/ul>\n\n\n\n<p>En tant que partenaire, l\u2019UNFE est porteur d\u2019un des appels a projets du VRAI FOOT DAY et offrira au club vainqueur de celui-ci, qu\u2019il soit issu du Football Entreprise ou pas, un prix d\u2019une valeur de 1000 euros constitu\u00e9 de 100 cadeaux (ballons..&nbsp;etc). Centenaire oblige&nbsp;!<\/p>\n\n\n\n<p>L\u2019UNFE et le jury du VRAI FOOT DAY d\u00e9termineront leur laur\u00e9at parmi les clubs qui ont mont\u00e9 un projet de dingue autour du chiffre 100 &#8211; sous toutes ses formes&nbsp;! Un match \u00e0 100 personnes ou 100 pompes par joueur pour l\u2019\u00e9quipe vaincue\u2026etc<\/p>\n\n\n\n<p><em>NB&nbsp;: \u00e0 noter que le club des L\u00e9opards de Saint-Georges-des-Groseillers (Orne) a remport\u00e9 le Prix UNFE en 2021 apr\u00e8s le RC Vesoul (Haute Sa\u00f4ne). Pendant 24 heures, les L\u00e9opards ont jongl\u00e9 en relais sans s\u2019arr\u00eater provoquant la curiosit\u00e9 de FR3 Normandie venu sp\u00e9cialement faire un reportage.<\/em> <a href=\"https:\/\/unfe.fr?p=7556\">Le reportage<\/a><\/p>\n\n\n\n<div class=\"wp-block-image\"><figure class=\"aligncenter size-large is-resized\"><img decoding=\"async\" loading=\"lazy\" src=\"https:\/\/i0.wp.com\/unfe.frwp-content\/uploads\/2023\/01\/Carte-UNFE-1-675x1024.png?resize=492%2C746&#038;ssl=1\" alt=\"\" class=\"wp-image-9179\" width=\"492\" height=\"746\" srcset=\"https:\/\/i0.wp.com\/unfe.fr\/wp-content\/uploads\/2023\/01\/Carte-UNFE-1.png?resize=675%2C1024&amp;ssl=1 675w, https:\/\/i0.wp.com\/unfe.fr\/wp-content\/uploads\/2023\/01\/Carte-UNFE-1.png?resize=198%2C300&amp;ssl=1 198w, https:\/\/i0.wp.com\/unfe.fr\/wp-content\/uploads\/2023\/01\/Carte-UNFE-1.png?resize=768%2C1165&amp;ssl=1 768w, https:\/\/i0.wp.com\/unfe.fr\/wp-content\/uploads\/2023\/01\/Carte-UNFE-1.png?w=825&amp;ssl=1 825w\" sizes=\"(max-width: 492px) 100vw, 492px\" data-recalc-dims=\"1\" \/><\/figure><\/div>\n\n\n\n<h5 class=\"wp-block-heading\"><strong><span style=\"text-decoration: underline;\">POUR VOUS ACCOMPAGNER<\/span><\/strong><\/h5>\n\n\n\n<p><strong>Jules, qui bosse sur l&#8217;\u00e9dition 2022-2023, est disponible \u00e0 tout moment pour \u00e9changer avec vous&nbsp;et vous donner des conseils, id\u00e9es de projets. Alors n&#8217;h\u00e9sitez pas \u00e0 faire&nbsp;appel \u00e0 lui via le <a href=\"amateurs@sofoot.com\">mail<\/a><\/strong>. <strong>Il vous appellera dans la foul\u00e9e.&nbsp;<\/strong><\/p>\n\n\n\n<p>Vous pouvez \u00e9galement contacter l\u2019UNFE&nbsp;: <strong><a href=\"contact@unfe.fr\">contact<\/a><\/strong><\/p>\n\n\n\n<p>Nous r\u00e9pondrons \u00e0 vos interrogations.<\/p>\n\n\n\n<p><strong>A vous de jouer !&nbsp;<\/strong><\/p>\n\n\n\n<figure class=\"wp-block-image size-full\"><img decoding=\"async\" loading=\"lazy\" width=\"621\" height=\"382\" src=\"https:\/\/i0.wp.com\/unfe.frwp-content\/uploads\/2022\/12\/VFD-IMAGE.jpg?resize=621%2C382&#038;ssl=1\" alt=\"\" class=\"wp-image-9164\" srcset=\"https:\/\/i0.wp.com\/unfe.fr\/wp-content\/uploads\/2022\/12\/VFD-IMAGE.jpg?w=621&amp;ssl=1 621w, https:\/\/i0.wp.com\/unfe.fr\/wp-content\/uploads\/2022\/12\/VFD-IMAGE.jpg?resize=300%2C185&amp;ssl=1 300w\" sizes=\"(max-width: 621px) 100vw, 621px\" data-recalc-dims=\"1\" \/><\/figure>\n","protected":false},"excerpt":{"rendered":"<p>\u2018Foncez, le seul regret que vous pouvez avoir, c\u2019est de ne pas essayer&nbsp;!\u2019\u2019 La 4\u00e8me&nbsp;\u00e9dition du VRAI FOOT DAY, soit la f\u00eate du foot amateur, aura lieu les 25 et 26 mars prochains.&nbsp;Soyez au rendez-vous pour faire franchir \u00e0 cet \u00e9v\u00e8nement la barre symbolique des 100 clubs participants. Mais au fait, LE VRAI FOOT DAY&nbsp;: [&hellip;]<\/p>\n","protected":false},"author":3,"featured_media":9163,"comment_status":"open","ping_status":"closed","sticky":false,"template":"","format":"standard","meta":{"_monsterinsights_skip_tracking":false,"_monsterinsights_sitenote_active":false,"_monsterinsights_sitenote_note":"","_monsterinsights_sitenote_category":0,"footnotes":""},"categories":[11,13],"tags":[],"jetpack_sharing_enabled":true,"jetpack_featured_media_url":"https:\/\/i0.wp.com\/unfe.fr\/wp-content\/uploads\/2022\/12\/VFD-CAHUZAC.jpg?fit=1280%2C720&ssl=1","_links":{"self":[{"href":"https:\/\/unfe.fr\/index.php?rest_route=\/wp\/v2\/posts\/9162"}],"collection":[{"href":"https:\/\/unfe.fr\/index.php?rest_route=\/wp\/v2\/posts"}],"about":[{"href":"https:\/\/unfe.fr\/index.php?rest_route=\/wp\/v2\/types\/post"}],"author":[{"embeddable":true,"href":"https:\/\/unfe.fr\/index.php?rest_route=\/wp\/v2\/users\/3"}],"replies":[{"embeddable":true,"href":"https:\/\/unfe.fr\/index.php?rest_route=%2Fwp%2Fv2%2Fcomments&post=9162"}],"version-history":[{"count":4,"href":"https:\/\/unfe.fr\/index.php?rest_route=\/wp\/v2\/posts\/9162\/revisions"}],"predecessor-version":[{"id":9181,"href":"https:\/\/unfe.fr\/index.php?rest_route=\/wp\/v2\/posts\/9162\/revisions\/9181"}],"wp:featuredmedia":[{"embeddable":true,"href":"https:\/\/unfe.fr\/index.php?rest_route=\/wp\/v2\/media\/9163"}],"wp:attachment":[{"href":"https:\/\/unfe.fr\/index.php?rest_route=%2Fwp%2Fv2%2Fmedia&parent=9162"}],"wp:term":[{"taxonomy":"category","embeddable":true,"href":"https:\/\/unfe.fr\/index.php?rest_route=%2Fwp%2Fv2%2Fcategories&post=9162"},{"taxonomy":"post_tag","embeddable":true,"href":"https:\/\/unfe.fr\/index.php?rest_route=%2Fwp%2Fv2%2Ftags&post=9162"}],"curies":[{"name":"wp","href":"https:\/\/api.w.org\/{rel}","templated":true}]}}